{"id":16499,"date":"2025-04-17T11:41:19","date_gmt":"2025-04-17T09:41:19","guid":{"rendered":"https:\/\/www.sp11.gliwice.pl\/?p=16499"},"modified":"2025-04-17T11:41:19","modified_gmt":"2025-04-17T09:41:19","slug":"konkurs-recytatorski-dla-klas-1-3","status":"publish","type":"post","link":"https:\/\/www.sp11.gliwice.pl\/?p=16499","title":{"rendered":"Konkurs recytatorski dla klas 1-3"},"content":{"rendered":"<p>&nbsp;<span style=\"color: #000000;\"><strong>16 kwietnia 2025 roku<\/strong> w naszej szkole odby\u0142 si\u0119 <strong>konkurs recytatorski dla uczni\u00f3w klas I\u2013III<\/strong> pod has\u0142em <strong>\u201eWiersze, kt\u00f3re lubimy\u201d<\/strong>. &nbsp;M\u0142odzi recytatorzy zaprezentowali utwory znanych i lubianych polskich poet\u00f3w \u2013 Juliana Tuwima, Jana Brzechwy oraz Aleksandra Fredry.<\/span><\/p>\n<p><span style=\"color: #000000;\">W konkursie wzi\u0119\u0142o udzia\u0142 8 uczestnik\u00f3w, kt\u00f3rzy zachwycili publiczno\u015b\u0107 pi\u0119kn\u0105 recytacj\u0105 oraz oryginaln\u0105 interpretacj\u0105 wybranych wierszy.<\/span><\/p>\n<p><span style=\"color: #000000;\">Nie zabrak\u0142o emocji i wielu niezapomnianych wra\u017ce\u0144. Wszyscy uczestnicy zas\u0142u\u017cyli na ogromne brawa i gratulacje za odwag\u0119, zaanga\u017cowanie i wyj\u0105tkowy talent.<\/span><\/p>\n<p><span style=\"color: #000000;\">Wyst\u0119py ocenia\u0142o jury w sk\u0142adzie: dyrektor szko\u0142y pan Wojciech Kijewski oraz pani dyrektor Beata Bodnar przyznaj\u0105c:<\/span><\/p>\n<p><span style=\"color: #000000;\"><strong>&nbsp;I miejsce<\/strong> Magdalenie z klasy IIIa,<\/span><\/p>\n<p><span style=\"color: #000000;\"><strong>II miejsce <\/strong><em><strong>ex aequo<\/strong> Karolinie z klasy IIa i Kai z klasy IIIb<\/em><\/span><\/p>\n<p><span style=\"color: #000000;\"><strong>III miejsce<\/strong> Sarze z klasy IIIa<\/span><\/p>\n<p><span style=\"color: #000000;\">Gratulujemy wszystkim recytatorom i ju\u017c czekamy na kolejn\u0105 edycj\u0119 konkursu!<\/span><\/p>\n<p style=\"text-align: right;\">&nbsp;&nbsp;&nbsp;&nbsp;&nbsp;&nbsp;&nbsp;&nbsp;&nbsp;&nbsp;&nbsp;&nbsp;&nbsp;&nbsp;&nbsp;&nbsp;&nbsp;&nbsp;&nbsp;&nbsp;&nbsp;&nbsp;&nbsp;&nbsp;&nbsp;&nbsp;&nbsp;&nbsp;&nbsp;&nbsp;&nbsp;&nbsp;&nbsp;&nbsp;&nbsp;&nbsp;&nbsp;&nbsp;&nbsp;&nbsp;&nbsp;&nbsp;&nbsp;&nbsp;&nbsp;&nbsp;&nbsp;&nbsp;&nbsp;&nbsp;&nbsp;&nbsp;&nbsp;&nbsp;&nbsp;&nbsp;&nbsp;&nbsp;&nbsp;&nbsp;&nbsp;&nbsp;&nbsp;&nbsp;&nbsp;&nbsp;&nbsp;&nbsp;&nbsp;&nbsp;&nbsp;&nbsp;&nbsp;&nbsp;&nbsp;&nbsp;&nbsp;&nbsp;&nbsp;&nbsp;&nbsp;&nbsp;&nbsp;&nbsp;&nbsp;&nbsp;<em> mgr&nbsp; Celina Trzeszkowska&nbsp;<\/em><br \/>\n<em>&nbsp;&nbsp;&nbsp;&nbsp;&nbsp;&nbsp;&nbsp;&nbsp;&nbsp;&nbsp;&nbsp;&nbsp;&nbsp;&nbsp;&nbsp;&nbsp;&nbsp;&nbsp;&nbsp;&nbsp;&nbsp;&nbsp;&nbsp;&nbsp;&nbsp;&nbsp;&nbsp;&nbsp;&nbsp;&nbsp;&nbsp;&nbsp;&nbsp;&nbsp;&nbsp;&nbsp;&nbsp;&nbsp;&nbsp;&nbsp;&nbsp;&nbsp;&nbsp;&nbsp;&nbsp;&nbsp;&nbsp;&nbsp;&nbsp;&nbsp;&nbsp;&nbsp;&nbsp;&nbsp;&nbsp;&nbsp;&nbsp;&nbsp;&nbsp;&nbsp;&nbsp;&nbsp;&nbsp;&nbsp;&nbsp;&nbsp;&nbsp;&nbsp;&nbsp;&nbsp;&nbsp;&nbsp;&nbsp;&nbsp;&nbsp;&nbsp;&nbsp;&nbsp;&nbsp;&nbsp;&nbsp;&nbsp;&nbsp;&nbsp;&nbsp;&nbsp;&nbsp; mgr Anna Szaradowska<\/em><\/p>\nngg_shortcode_0_placeholder\n","protected":false},"excerpt":{"rendered":"<p>&nbsp;16 kwietnia 2025 roku w naszej szkole odby\u0142 si\u0119 konkurs recytatorski dla uczni\u00f3w klas I\u2013III pod has\u0142em \u201eWiersze, kt\u00f3re lubimy\u201d. &nbsp;M\u0142odzi recytatorzy zaprezentowali utwory znanych [&hellip;]<\/p>\n","protected":false},"author":3,"featured_media":16500,"comment_status":"closed","ping_status":"closed","sticky":false,"template":"","format":"standard","meta":{"ngg_post_thumbnail":0,"footnotes":""},"categories":[4],"tags":[],"class_list":["post-16499","post","type-post","status-publish","format-standard","has-post-thumbnail","hentry","category-aktualnosci"],"_links":{"self":[{"href":"https:\/\/www.sp11.gliwice.pl\/index.php?rest_route=\/wp\/v2\/posts\/16499","targetHints":{"allow":["GET"]}}],"collection":[{"href":"https:\/\/www.sp11.gliwice.pl\/index.php?rest_route=\/wp\/v2\/posts"}],"about":[{"href":"https:\/\/www.sp11.gliwice.pl\/index.php?rest_route=\/wp\/v2\/types\/post"}],"author":[{"embeddable":true,"href":"https:\/\/www.sp11.gliwice.pl\/index.php?rest_route=\/wp\/v2\/users\/3"}],"replies":[{"embeddable":true,"href":"https:\/\/www.sp11.gliwice.pl\/index.php?rest_route=%2Fwp%2Fv2%2Fcomments&post=16499"}],"version-history":[{"count":1,"href":"https:\/\/www.sp11.gliwice.pl\/index.php?rest_route=\/wp\/v2\/posts\/16499\/revisions"}],"predecessor-version":[{"id":16501,"href":"https:\/\/www.sp11.gliwice.pl\/index.php?rest_route=\/wp\/v2\/posts\/16499\/revisions\/16501"}],"wp:featuredmedia":[{"embeddable":true,"href":"https:\/\/www.sp11.gliwice.pl\/index.php?rest_route=\/wp\/v2\/media\/16500"}],"wp:attachment":[{"href":"https:\/\/www.sp11.gliwice.pl\/index.php?rest_route=%2Fwp%2Fv2%2Fmedia&parent=16499"}],"wp:term":[{"taxonomy":"category","embeddable":true,"href":"https:\/\/www.sp11.gliwice.pl\/index.php?rest_route=%2Fwp%2Fv2%2Fcategories&post=16499"},{"taxonomy":"post_tag","embeddable":true,"href":"https:\/\/www.sp11.gliwice.pl\/index.php?rest_route=%2Fwp%2Fv2%2Ftags&post=16499"}],"curies":[{"name":"wp","href":"https:\/\/api.w.org\/{rel}","templated":true}]}}