{"id":16475,"date":"2025-04-17T11:14:24","date_gmt":"2025-04-17T09:14:24","guid":{"rendered":"https:\/\/www.sp11.gliwice.pl\/?p=16475"},"modified":"2025-04-17T11:14:24","modified_gmt":"2025-04-17T09:14:24","slug":"uczennice-z-klasy-iv-finalistkami-konkursu-z-j-niemieckiego","status":"publish","type":"post","link":"https:\/\/www.sp11.gliwice.pl\/?p=16475","title":{"rendered":"Uczennice z klasy IV finalistkami konkursu z j. niemieckiego :)"},"content":{"rendered":"<p><span style=\"color: #000000;\">Dnia 08.04.2025r. odby\u0142o si\u0119 rozstrzygni\u0119cie IV Wojew\u00f3dzkiego Konkursu&nbsp; Kulinarno- J\u0119zykowego \u201eBackwettbewerb- alle lieben Omas Kuchen\u201d. W tej edycji zadaniem uczestnik\u00f3w by\u0142o wykonanie ciasta inspirowanego bajk\u0105 razem z cz\u0142onkiem rodziny oraz zaprojektowanie odr\u0119cznie kartki z ksi\u0105\u017cki kucharskiej z przepisem. Spo\u015br\u00f3d wielu prac komisja doceni\u0142a prace Anastazji Gr\u0105dkowskiej oraz Dominiki Badury, kt\u00f3re znalaz\u0142y si\u0119 w gronie finalist\u00f3w. Uczennice dosta\u0142y tym samym szans\u0119 udzia\u0142u w uroczystej Gali Fina\u0142owej w czerwcu 2025r. Serdecznie gratulujemy i \u017cyczmy dalszych sukces\u00f3w!<\/span><\/p>\n<p style=\"text-align: right;\"><em>mgr Ma\u0142gorzata Pawe\u0142ek<\/em><\/p>\nngg_shortcode_0_placeholder\n","protected":false},"excerpt":{"rendered":"<p>Dnia 08.04.2025r. odby\u0142o si\u0119 rozstrzygni\u0119cie IV Wojew\u00f3dzkiego Konkursu&nbsp; Kulinarno- J\u0119zykowego \u201eBackwettbewerb- alle lieben Omas Kuchen\u201d. W tej edycji zadaniem uczestnik\u00f3w by\u0142o wykonanie ciasta inspirowanego bajk\u0105 [&hellip;]<\/p>\n","protected":false},"author":3,"featured_media":16476,"comment_status":"closed","ping_status":"closed","sticky":false,"template":"","format":"standard","meta":{"ngg_post_thumbnail":0,"footnotes":""},"categories":[4],"tags":[],"class_list":["post-16475","post","type-post","status-publish","format-standard","has-post-thumbnail","hentry","category-aktualnosci"],"_links":{"self":[{"href":"https:\/\/www.sp11.gliwice.pl\/index.php?rest_route=\/wp\/v2\/posts\/16475","targetHints":{"allow":["GET"]}}],"collection":[{"href":"https:\/\/www.sp11.gliwice.pl\/index.php?rest_route=\/wp\/v2\/posts"}],"about":[{"href":"https:\/\/www.sp11.gliwice.pl\/index.php?rest_route=\/wp\/v2\/types\/post"}],"author":[{"embeddable":true,"href":"https:\/\/www.sp11.gliwice.pl\/index.php?rest_route=\/wp\/v2\/users\/3"}],"replies":[{"embeddable":true,"href":"https:\/\/www.sp11.gliwice.pl\/index.php?rest_route=%2Fwp%2Fv2%2Fcomments&post=16475"}],"version-history":[{"count":1,"href":"https:\/\/www.sp11.gliwice.pl\/index.php?rest_route=\/wp\/v2\/posts\/16475\/revisions"}],"predecessor-version":[{"id":16477,"href":"https:\/\/www.sp11.gliwice.pl\/index.php?rest_route=\/wp\/v2\/posts\/16475\/revisions\/16477"}],"wp:featuredmedia":[{"embeddable":true,"href":"https:\/\/www.sp11.gliwice.pl\/index.php?rest_route=\/wp\/v2\/media\/16476"}],"wp:attachment":[{"href":"https:\/\/www.sp11.gliwice.pl\/index.php?rest_route=%2Fwp%2Fv2%2Fmedia&parent=16475"}],"wp:term":[{"taxonomy":"category","embeddable":true,"href":"https:\/\/www.sp11.gliwice.pl\/index.php?rest_route=%2Fwp%2Fv2%2Fcategories&post=16475"},{"taxonomy":"post_tag","embeddable":true,"href":"https:\/\/www.sp11.gliwice.pl\/index.php?rest_route=%2Fwp%2Fv2%2Ftags&post=16475"}],"curies":[{"name":"wp","href":"https:\/\/api.w.org\/{rel}","templated":true}]}}