{"id":16470,"date":"2025-04-17T11:11:53","date_gmt":"2025-04-17T09:11:53","guid":{"rendered":"https:\/\/www.sp11.gliwice.pl\/?p=16470"},"modified":"2025-04-17T11:11:53","modified_gmt":"2025-04-17T09:11:53","slug":"zajecia-sensoryczne-w-przedszkolu","status":"publish","type":"post","link":"https:\/\/www.sp11.gliwice.pl\/?p=16470","title":{"rendered":"Zaj\u0119cia sensoryczne w przedszkolu"},"content":{"rendered":"<p><span style=\"color: #000000;\">W dniach 14 i 15 kwietnia nasze przedszkolaki r\u00f3wnie\u017c w\u0142\u0105czy\u0142y si\u0119 w obchody Miesi\u0105ca \u015awiadomo\u015bci Autyzmu. Podczas zaj\u0119\u0107 sensorycznych o charakterze zabawowym, dzieci mia\u0142y doskona\u0142\u0105 okazj\u0119 do wykorzystania swoich zmys\u0142\u00f3w.<\/span><br \/>\n<span style=\"color: #000000;\">Tajemnicza ciecz nieniutonowska, swoj\u0105 unikaln\u0105 konsystencj\u0105 zwr\u00f3ci\u0142a uwag\u0119 wszystkich dzieci &#8211; dla jednych by\u0142a \u015bwietn\u0105 zabaw\u0105, dla innych nie lada wyzwaniem.<\/span><br \/>\n<span style=\"color: #000000;\">Ponadto do dyspozycji dzieci by\u0142y kolorowe gniotki, slimy, butelki i woreczki sensoryczne oraz spacer po \u015bcie\u017cce sensorycznej, kt\u00f3ry dostarczy\u0142 im r\u00f3\u017cnych bod\u017ac\u00f3w dotykowych.<\/span><\/p>\n<p><span style=\"color: #000000;\">Zrealizowane zaj\u0119cia mia\u0142y na celu rozwijanie zmys\u0142\u00f3w dzieci poprzez dostarczenie im r\u00f3\u017cnorodnych bod\u017ac\u00f3w p\u0142yn\u0105cych z otoczenia, co jest szczeg\u00f3lnie istotne w kontek\u015bcie funkcjonowania os\u00f3b w spektrum autyzmu.<\/span><\/p>\n<p><span style=\"color: #000000;\">Serdecznie dzi\u0119kuj\u0119 wszystkim uczestnikom oraz ich wychowawcom za obecno\u015b\u0107 i wsp\u00f3ln\u0105 zabaw\u0119.<\/span><\/p>\n<p style=\"text-align: right;\"><em>Monika Papaj &#8211; nauczyciel wsp\u00f3\u0142organizuj\u0105cy proces kszta\u0142cenia<\/em><\/p>\nngg_shortcode_0_placeholder\n","protected":false},"excerpt":{"rendered":"<p>W dniach 14 i 15 kwietnia nasze przedszkolaki r\u00f3wnie\u017c w\u0142\u0105czy\u0142y si\u0119 w obchody Miesi\u0105ca \u015awiadomo\u015bci Autyzmu. Podczas zaj\u0119\u0107 sensorycznych o charakterze zabawowym, dzieci mia\u0142y doskona\u0142\u0105 [&hellip;]<\/p>\n","protected":false},"author":3,"featured_media":16471,"comment_status":"closed","ping_status":"closed","sticky":false,"template":"","format":"standard","meta":{"ngg_post_thumbnail":0,"footnotes":""},"categories":[4],"tags":[],"class_list":["post-16470","post","type-post","status-publish","format-standard","has-post-thumbnail","hentry","category-aktualnosci"],"_links":{"self":[{"href":"https:\/\/www.sp11.gliwice.pl\/index.php?rest_route=\/wp\/v2\/posts\/16470","targetHints":{"allow":["GET"]}}],"collection":[{"href":"https:\/\/www.sp11.gliwice.pl\/index.php?rest_route=\/wp\/v2\/posts"}],"about":[{"href":"https:\/\/www.sp11.gliwice.pl\/index.php?rest_route=\/wp\/v2\/types\/post"}],"author":[{"embeddable":true,"href":"https:\/\/www.sp11.gliwice.pl\/index.php?rest_route=\/wp\/v2\/users\/3"}],"replies":[{"embeddable":true,"href":"https:\/\/www.sp11.gliwice.pl\/index.php?rest_route=%2Fwp%2Fv2%2Fcomments&post=16470"}],"version-history":[{"count":1,"href":"https:\/\/www.sp11.gliwice.pl\/index.php?rest_route=\/wp\/v2\/posts\/16470\/revisions"}],"predecessor-version":[{"id":16472,"href":"https:\/\/www.sp11.gliwice.pl\/index.php?rest_route=\/wp\/v2\/posts\/16470\/revisions\/16472"}],"wp:featuredmedia":[{"embeddable":true,"href":"https:\/\/www.sp11.gliwice.pl\/index.php?rest_route=\/wp\/v2\/media\/16471"}],"wp:attachment":[{"href":"https:\/\/www.sp11.gliwice.pl\/index.php?rest_route=%2Fwp%2Fv2%2Fmedia&parent=16470"}],"wp:term":[{"taxonomy":"category","embeddable":true,"href":"https:\/\/www.sp11.gliwice.pl\/index.php?rest_route=%2Fwp%2Fv2%2Fcategories&post=16470"},{"taxonomy":"post_tag","embeddable":true,"href":"https:\/\/www.sp11.gliwice.pl\/index.php?rest_route=%2Fwp%2Fv2%2Ftags&post=16470"}],"curies":[{"name":"wp","href":"https:\/\/api.w.org\/{rel}","templated":true}]}}