{"id":16421,"date":"2025-04-17T10:22:02","date_gmt":"2025-04-17T08:22:02","guid":{"rendered":"https:\/\/www.sp11.gliwice.pl\/?p=16421"},"modified":"2025-04-17T10:22:02","modified_gmt":"2025-04-17T08:22:02","slug":"jedenastka-ponownie-na-targach-edukacyjnych","status":"publish","type":"post","link":"https:\/\/www.sp11.gliwice.pl\/?p=16421","title":{"rendered":"JEDENASTKA PONOWNIE NA TARGACH EDUKACYJNYCH"},"content":{"rendered":"<p><span style=\"color: #000000;\">W dniu 10.kwietnia 2025 r. uczniowie klasy 8a pod opiek\u0105 wychowawcy, nauczyciela wsp\u00f3\u0142organizuj\u0105cego kszta\u0142cenie i pedagoga szkolnego wzi\u0119li udzia\u0142 w Gliwickich Targach Edukacyjnych, kt\u00f3re tradycyjnie odby\u0142y si\u0119 w hali sportowej na terenie Centrum Kszta\u0142cenia Zawodowego i Ustawicznego nr 1 w Gliwicach. Wyj\u015bcie odby\u0142o si\u0119 w ramach zaj\u0119\u0107 doradztwa zawodowego i realizacji Szkolnego Programu Wychowawczo-Profilaktycznego. Decyzje edukacyjne za pasem, dlatego to wa\u017cne, by pozna\u0107 ofert\u0119 edukacyjn\u0105 gliwickich szk\u00f3\u0142 ponadpodstawowych i przymierzy\u0107 si\u0119 do wyboru szko\u0142y oraz kierunku dalszego kszta\u0142cenia. Oczywi\u015bcie wspieramy naszych \u00f3smoklasist\u00f3w i wierzymy, \u017ce przysz\u0142o\u015b\u0107 edukacyjna przyniesie im zadowolenie, rado\u015b\u0107 i satysfakcj\u0119.<\/span><\/p>\n<p style=\"text-align: right;\"><em>Izabella Jureczko &#8211; wychowawca klasy<\/em><br \/>\n<em>Krzysztof Kupiec &#8211; nauczyciel wsp\u00f3\u0142organizuj\u0105cy kszta\u0142cenie<\/em><br \/>\n<em>Joanna Magiera &#8211; pedagog szkolny<\/em><\/p>\nngg_shortcode_0_placeholder\n","protected":false},"excerpt":{"rendered":"<p>W dniu 10.kwietnia 2025 r. uczniowie klasy 8a pod opiek\u0105 wychowawcy, nauczyciela wsp\u00f3\u0142organizuj\u0105cego kszta\u0142cenie i pedagoga szkolnego wzi\u0119li udzia\u0142 w Gliwickich Targach Edukacyjnych, kt\u00f3re tradycyjnie [&hellip;]<\/p>\n","protected":false},"author":3,"featured_media":16422,"comment_status":"closed","ping_status":"closed","sticky":false,"template":"","format":"standard","meta":{"ngg_post_thumbnail":0,"footnotes":""},"categories":[4],"tags":[],"class_list":["post-16421","post","type-post","status-publish","format-standard","has-post-thumbnail","hentry","category-aktualnosci"],"_links":{"self":[{"href":"https:\/\/www.sp11.gliwice.pl\/index.php?rest_route=\/wp\/v2\/posts\/16421","targetHints":{"allow":["GET"]}}],"collection":[{"href":"https:\/\/www.sp11.gliwice.pl\/index.php?rest_route=\/wp\/v2\/posts"}],"about":[{"href":"https:\/\/www.sp11.gliwice.pl\/index.php?rest_route=\/wp\/v2\/types\/post"}],"author":[{"embeddable":true,"href":"https:\/\/www.sp11.gliwice.pl\/index.php?rest_route=\/wp\/v2\/users\/3"}],"replies":[{"embeddable":true,"href":"https:\/\/www.sp11.gliwice.pl\/index.php?rest_route=%2Fwp%2Fv2%2Fcomments&post=16421"}],"version-history":[{"count":1,"href":"https:\/\/www.sp11.gliwice.pl\/index.php?rest_route=\/wp\/v2\/posts\/16421\/revisions"}],"predecessor-version":[{"id":16423,"href":"https:\/\/www.sp11.gliwice.pl\/index.php?rest_route=\/wp\/v2\/posts\/16421\/revisions\/16423"}],"wp:featuredmedia":[{"embeddable":true,"href":"https:\/\/www.sp11.gliwice.pl\/index.php?rest_route=\/wp\/v2\/media\/16422"}],"wp:attachment":[{"href":"https:\/\/www.sp11.gliwice.pl\/index.php?rest_route=%2Fwp%2Fv2%2Fmedia&parent=16421"}],"wp:term":[{"taxonomy":"category","embeddable":true,"href":"https:\/\/www.sp11.gliwice.pl\/index.php?rest_route=%2Fwp%2Fv2%2Fcategories&post=16421"},{"taxonomy":"post_tag","embeddable":true,"href":"https:\/\/www.sp11.gliwice.pl\/index.php?rest_route=%2Fwp%2Fv2%2Ftags&post=16421"}],"curies":[{"name":"wp","href":"https:\/\/api.w.org\/{rel}","templated":true}]}}