{"id":16414,"date":"2025-04-17T10:16:55","date_gmt":"2025-04-17T08:16:55","guid":{"rendered":"https:\/\/www.sp11.gliwice.pl\/?p=16414"},"modified":"2025-04-17T10:16:55","modified_gmt":"2025-04-17T08:16:55","slug":"wiosenno-swiateczne-konkursy-z-jezyka-niemieckiego","status":"publish","type":"post","link":"https:\/\/www.sp11.gliwice.pl\/?p=16414","title":{"rendered":"Wiosenno- \u015bwi\u0105teczne konkursy z j\u0119zyka niemieckiego"},"content":{"rendered":"<p><span style=\"color: #000000;\">Na pocz\u0105tku kwietnia uczennice z klas 4a i 5a wzi\u0119li udzia\u0142 w dw\u00f3ch wojew\u00f3dzkich konkursach pt. \u201eZaj\u0105c, jajko i co wi\u0119cej?\u201d oraz \u201eM\u00e4rchenhafte M\u00e4rchenkuchen \u2013ciasto inspirowane bajk\u0105\u201d.<\/span><br \/>\n<span style=\"color: #000000;\">Celem konkursu \u201eZaj\u0105c, jajko i co wi\u0119cej?\u201d by\u0142o wykonanie kartki wielkanocnej, <\/span><br \/>\n<span style=\"color: #000000;\">w kt\u00f3rej nale\u017ca\u0142o napisa\u0107 \u017cyczenia w j\u0119zyku niemieckim. W tym konkursie wzi\u0119\u0142y udzia\u0142:<\/span><\/p>\n<p><strong><span style=\"color: #000000;\">Pola Barczyk (kl.IV)<\/span><\/strong><\/p>\n<p><strong><span style=\"color: #000000;\">Zofia P\u0142oszczyca (kl.IV)<\/span><\/strong><\/p>\n<p><strong><span style=\"color: #000000;\">Aleksandra Zimnicka (kl.IV)<\/span><\/strong><\/p>\n<p><strong><span style=\"color: #000000;\">Oliwia Suszczyk&nbsp; (kl.V).<\/span><\/strong><\/p>\n<p><span style=\"color: #000000;\">W konkursie \u201eM\u00e4rchenhafte M\u00e4rchenkuchen \u2013ciasto inspirowane bajk\u0105\u201d nale\u017ca\u0142o upiec ciasto z cz\u0142onkiem rodziny, napisa\u0107 przepis i list\u0119 sk\u0142adnik\u00f3w w j\u0119zyku niemieckim oraz zaprojektowa\u0107 stron\u0119 ksi\u0105\u017cki kucharskiej. W tym konkursie wzi\u0119\u0142y udzia\u0142 uczennice z klasy 4a: Anastazja Gr\u0105dkowska oraz Dominika Badura. Dzi\u0119kujemy za udzia\u0142 w konkursach i czekamy z niecierpliwo\u015bci\u0105 na wyniki!<\/span><\/p>\n<p style=\"text-align: right;\"><em>mgr Ma\u0142gorzata Pawe\u0142ek<\/em><\/p>\nngg_shortcode_0_placeholder\n","protected":false},"excerpt":{"rendered":"<p>Na pocz\u0105tku kwietnia uczennice z klas 4a i 5a wzi\u0119li udzia\u0142 w dw\u00f3ch wojew\u00f3dzkich konkursach pt. \u201eZaj\u0105c, jajko i co wi\u0119cej?\u201d oraz \u201eM\u00e4rchenhafte M\u00e4rchenkuchen \u2013ciasto [&hellip;]<\/p>\n","protected":false},"author":3,"featured_media":16415,"comment_status":"closed","ping_status":"closed","sticky":false,"template":"","format":"standard","meta":{"ngg_post_thumbnail":0,"footnotes":""},"categories":[4],"tags":[],"class_list":["post-16414","post","type-post","status-publish","format-standard","has-post-thumbnail","hentry","category-aktualnosci"],"_links":{"self":[{"href":"https:\/\/www.sp11.gliwice.pl\/index.php?rest_route=\/wp\/v2\/posts\/16414","targetHints":{"allow":["GET"]}}],"collection":[{"href":"https:\/\/www.sp11.gliwice.pl\/index.php?rest_route=\/wp\/v2\/posts"}],"about":[{"href":"https:\/\/www.sp11.gliwice.pl\/index.php?rest_route=\/wp\/v2\/types\/post"}],"author":[{"embeddable":true,"href":"https:\/\/www.sp11.gliwice.pl\/index.php?rest_route=\/wp\/v2\/users\/3"}],"replies":[{"embeddable":true,"href":"https:\/\/www.sp11.gliwice.pl\/index.php?rest_route=%2Fwp%2Fv2%2Fcomments&post=16414"}],"version-history":[{"count":1,"href":"https:\/\/www.sp11.gliwice.pl\/index.php?rest_route=\/wp\/v2\/posts\/16414\/revisions"}],"predecessor-version":[{"id":16416,"href":"https:\/\/www.sp11.gliwice.pl\/index.php?rest_route=\/wp\/v2\/posts\/16414\/revisions\/16416"}],"wp:featuredmedia":[{"embeddable":true,"href":"https:\/\/www.sp11.gliwice.pl\/index.php?rest_route=\/wp\/v2\/media\/16415"}],"wp:attachment":[{"href":"https:\/\/www.sp11.gliwice.pl\/index.php?rest_route=%2Fwp%2Fv2%2Fmedia&parent=16414"}],"wp:term":[{"taxonomy":"category","embeddable":true,"href":"https:\/\/www.sp11.gliwice.pl\/index.php?rest_route=%2Fwp%2Fv2%2Fcategories&post=16414"},{"taxonomy":"post_tag","embeddable":true,"href":"https:\/\/www.sp11.gliwice.pl\/index.php?rest_route=%2Fwp%2Fv2%2Ftags&post=16414"}],"curies":[{"name":"wp","href":"https:\/\/api.w.org\/{rel}","templated":true}]}}