{"id":16400,"date":"2025-04-17T09:36:24","date_gmt":"2025-04-17T07:36:24","guid":{"rendered":"https:\/\/www.sp11.gliwice.pl\/?p=16400"},"modified":"2025-04-17T09:36:24","modified_gmt":"2025-04-17T07:36:24","slug":"dzien-marchewki-2","status":"publish","type":"post","link":"https:\/\/www.sp11.gliwice.pl\/?p=16400","title":{"rendered":"Dzie\u0144 marchewki :)"},"content":{"rendered":"<p><span style=\"color: #ff6600;\">Dnia 04.04 w naszym przedszkolu obchodzili\u015bmy Dzie\u0144 Marchewki. Celem tego wydarzenia by\u0142o nakre\u015blenie warto\u015bci i korzy\u015bci spo\u017cywania warzyw na przyk\u0142adzie marchewki. Na koniec dzieci z grup \u201eKubusie Puchatki\u201d oraz \u201e\u017babki\u201d z pomoc\u0105 nauczycieli przygotowa\u0142y i degustowa\u0142y pyszny sok marchewkowy.<\/span><\/p>\n<p style=\"text-align: right;\"><em>mgr Katarzyna P\u0142onka<\/em><\/p>\nngg_shortcode_0_placeholder\n","protected":false},"excerpt":{"rendered":"<p>Dnia 04.04 w naszym przedszkolu obchodzili\u015bmy Dzie\u0144 Marchewki. Celem tego wydarzenia by\u0142o nakre\u015blenie warto\u015bci i korzy\u015bci spo\u017cywania warzyw na przyk\u0142adzie marchewki. Na koniec dzieci z [&hellip;]<\/p>\n","protected":false},"author":3,"featured_media":16401,"comment_status":"closed","ping_status":"closed","sticky":false,"template":"","format":"standard","meta":{"ngg_post_thumbnail":0,"footnotes":""},"categories":[4],"tags":[],"class_list":["post-16400","post","type-post","status-publish","format-standard","has-post-thumbnail","hentry","category-aktualnosci"],"_links":{"self":[{"href":"https:\/\/www.sp11.gliwice.pl\/index.php?rest_route=\/wp\/v2\/posts\/16400","targetHints":{"allow":["GET"]}}],"collection":[{"href":"https:\/\/www.sp11.gliwice.pl\/index.php?rest_route=\/wp\/v2\/posts"}],"about":[{"href":"https:\/\/www.sp11.gliwice.pl\/index.php?rest_route=\/wp\/v2\/types\/post"}],"author":[{"embeddable":true,"href":"https:\/\/www.sp11.gliwice.pl\/index.php?rest_route=\/wp\/v2\/users\/3"}],"replies":[{"embeddable":true,"href":"https:\/\/www.sp11.gliwice.pl\/index.php?rest_route=%2Fwp%2Fv2%2Fcomments&post=16400"}],"version-history":[{"count":1,"href":"https:\/\/www.sp11.gliwice.pl\/index.php?rest_route=\/wp\/v2\/posts\/16400\/revisions"}],"predecessor-version":[{"id":16402,"href":"https:\/\/www.sp11.gliwice.pl\/index.php?rest_route=\/wp\/v2\/posts\/16400\/revisions\/16402"}],"wp:featuredmedia":[{"embeddable":true,"href":"https:\/\/www.sp11.gliwice.pl\/index.php?rest_route=\/wp\/v2\/media\/16401"}],"wp:attachment":[{"href":"https:\/\/www.sp11.gliwice.pl\/index.php?rest_route=%2Fwp%2Fv2%2Fmedia&parent=16400"}],"wp:term":[{"taxonomy":"category","embeddable":true,"href":"https:\/\/www.sp11.gliwice.pl\/index.php?rest_route=%2Fwp%2Fv2%2Fcategories&post=16400"},{"taxonomy":"post_tag","embeddable":true,"href":"https:\/\/www.sp11.gliwice.pl\/index.php?rest_route=%2Fwp%2Fv2%2Ftags&post=16400"}],"curies":[{"name":"wp","href":"https:\/\/api.w.org\/{rel}","templated":true}]}}