{"id":16391,"date":"2025-04-17T09:33:10","date_gmt":"2025-04-17T07:33:10","guid":{"rendered":"https:\/\/www.sp11.gliwice.pl\/?p=16391"},"modified":"2025-04-17T09:33:10","modified_gmt":"2025-04-17T07:33:10","slug":"wiosenne-wianki-w-wykonaniu-3a","status":"publish","type":"post","link":"https:\/\/www.sp11.gliwice.pl\/?p=16391","title":{"rendered":"Wiosenne wianki w wykonaniu 3a :)"},"content":{"rendered":"<p><span style=\"color: #000000;\">Klasa 3a w zwi\u0105zku z nadej\u015bciem Wiosny\ud83c\udf37 oraz oczekiwaniem na \u015awi\u0119ta Wielkanocne\ud83d\udc30 wykona\u0142a przepi\u0119kne wianki wiosenne z akcentem \u015bwi\u0105tecznym. Ka\u017cdy wianek by\u0142 wyj\u0105tkowy i na pewno b\u0119dzie pi\u0119kn\u0105 ozdob\u0105 domu. Uczniowie ozdobili r\u00f3wnie\u017c \u015bwieczki,kt\u00f3re b\u0119d\u0105 doskona\u0142ym prezentem \u015bwi\u0105tecznym dla kogo\u015b bliskiego\ud83e\udef6<\/span><\/p>\n<p style=\"text-align: right;\"><em>mgr Natalia Drapa<\/em><\/p>\nngg_shortcode_0_placeholder\n","protected":false},"excerpt":{"rendered":"<p>Klasa 3a w zwi\u0105zku z nadej\u015bciem Wiosny\ud83c\udf37 oraz oczekiwaniem na \u015awi\u0119ta Wielkanocne\ud83d\udc30 wykona\u0142a przepi\u0119kne wianki wiosenne z akcentem \u015bwi\u0105tecznym. Ka\u017cdy wianek by\u0142 wyj\u0105tkowy i na [&hellip;]<\/p>\n","protected":false},"author":3,"featured_media":16392,"comment_status":"closed","ping_status":"closed","sticky":false,"template":"","format":"standard","meta":{"ngg_post_thumbnail":0,"footnotes":""},"categories":[4],"tags":[],"class_list":["post-16391","post","type-post","status-publish","format-standard","has-post-thumbnail","hentry","category-aktualnosci"],"_links":{"self":[{"href":"https:\/\/www.sp11.gliwice.pl\/index.php?rest_route=\/wp\/v2\/posts\/16391","targetHints":{"allow":["GET"]}}],"collection":[{"href":"https:\/\/www.sp11.gliwice.pl\/index.php?rest_route=\/wp\/v2\/posts"}],"about":[{"href":"https:\/\/www.sp11.gliwice.pl\/index.php?rest_route=\/wp\/v2\/types\/post"}],"author":[{"embeddable":true,"href":"https:\/\/www.sp11.gliwice.pl\/index.php?rest_route=\/wp\/v2\/users\/3"}],"replies":[{"embeddable":true,"href":"https:\/\/www.sp11.gliwice.pl\/index.php?rest_route=%2Fwp%2Fv2%2Fcomments&post=16391"}],"version-history":[{"count":1,"href":"https:\/\/www.sp11.gliwice.pl\/index.php?rest_route=\/wp\/v2\/posts\/16391\/revisions"}],"predecessor-version":[{"id":16393,"href":"https:\/\/www.sp11.gliwice.pl\/index.php?rest_route=\/wp\/v2\/posts\/16391\/revisions\/16393"}],"wp:featuredmedia":[{"embeddable":true,"href":"https:\/\/www.sp11.gliwice.pl\/index.php?rest_route=\/wp\/v2\/media\/16392"}],"wp:attachment":[{"href":"https:\/\/www.sp11.gliwice.pl\/index.php?rest_route=%2Fwp%2Fv2%2Fmedia&parent=16391"}],"wp:term":[{"taxonomy":"category","embeddable":true,"href":"https:\/\/www.sp11.gliwice.pl\/index.php?rest_route=%2Fwp%2Fv2%2Fcategories&post=16391"},{"taxonomy":"post_tag","embeddable":true,"href":"https:\/\/www.sp11.gliwice.pl\/index.php?rest_route=%2Fwp%2Fv2%2Ftags&post=16391"}],"curies":[{"name":"wp","href":"https:\/\/api.w.org\/{rel}","templated":true}]}}