{"id":16379,"date":"2025-04-07T08:41:43","date_gmt":"2025-04-07T06:41:43","guid":{"rendered":"https:\/\/www.sp11.gliwice.pl\/?p=16379"},"modified":"2025-04-07T08:41:43","modified_gmt":"2025-04-07T06:41:43","slug":"klasa-1a-na-wycieczce-w-mini-zoo","status":"publish","type":"post","link":"https:\/\/www.sp11.gliwice.pl\/?p=16379","title":{"rendered":"Klasa 1a na wycieczce w Mini Zoo"},"content":{"rendered":"<div dir=\"auto\"><span style=\"color: #000000;\">Klasa 1a pi\u0105tek rozpocz\u0119\u0142a wycieczk\u0105 edukacyjn\u0105 do Mini Zoo w Zabrzu. \ud83d\udc10<\/span><\/div>\n<div dir=\"auto\"><span style=\"color: #000000;\">Zwiedzanie rozpocz\u0119\u0142o si\u0119 od szukania jajeczek i s\u0142odko\u015bci, kt\u00f3re zosta\u0142y ukryte w zoo przez Zaj\u0105czka Wielkanocnego. \ud83d\udc30<\/span><\/div>\n<div dir=\"auto\"><span style=\"color: #000000;\">Pierwszoklasi\u015bci poczuli si\u0119 jak prawdziwi poszukiwacze skarb\u00f3w! \ud83d\ude0a<\/span><\/div>\n<div dir=\"auto\"><span style=\"color: #000000;\">P\u00f3\u017aniej wyruszyli\u015bmy na zwiedzanie. Widzieli\u015bmy kozy, owce, alpaki i wiele innych ciekawych zwierz\u0105t, kt\u00f3re mo\u017cna by\u0142o karmi\u0107, g\u0142aska\u0107 a nawet bra\u0107 na r\u0119ce! \ud83d\ude0d<\/span><\/div>\n<div dir=\"auto\"><span style=\"color: #000000;\">Pogoda nam dopisa\u0142a, wi\u0119c kolejnym punktem wycieczki by\u0142a przerwa na lody. \ud83c\udf66<\/span><\/div>\n<div dir=\"auto\"><span style=\"color: #000000;\">Na zako\u0144czenie dzieci wzi\u0119\u0142y udzia\u0142 w warsztatach plastycznych. \ud83c\udfa8<\/span><\/div>\n<div dir=\"auto\" style=\"text-align: right;\"><em>mgr Magdalena Ga\u0142a<\/em><\/div>\n<div dir=\"auto\">ngg_shortcode_0_placeholder<\/div>\n","protected":false},"excerpt":{"rendered":"<p>Klasa 1a pi\u0105tek rozpocz\u0119\u0142a wycieczk\u0105 edukacyjn\u0105 do Mini Zoo w Zabrzu. \ud83d\udc10 Zwiedzanie rozpocz\u0119\u0142o si\u0119 od szukania jajeczek i s\u0142odko\u015bci, kt\u00f3re zosta\u0142y ukryte w zoo [&hellip;]<\/p>\n","protected":false},"author":3,"featured_media":16380,"comment_status":"closed","ping_status":"closed","sticky":false,"template":"","format":"standard","meta":{"ngg_post_thumbnail":0,"footnotes":""},"categories":[4],"tags":[],"class_list":["post-16379","post","type-post","status-publish","format-standard","has-post-thumbnail","hentry","category-aktualnosci"],"_links":{"self":[{"href":"https:\/\/www.sp11.gliwice.pl\/index.php?rest_route=\/wp\/v2\/posts\/16379","targetHints":{"allow":["GET"]}}],"collection":[{"href":"https:\/\/www.sp11.gliwice.pl\/index.php?rest_route=\/wp\/v2\/posts"}],"about":[{"href":"https:\/\/www.sp11.gliwice.pl\/index.php?rest_route=\/wp\/v2\/types\/post"}],"author":[{"embeddable":true,"href":"https:\/\/www.sp11.gliwice.pl\/index.php?rest_route=\/wp\/v2\/users\/3"}],"replies":[{"embeddable":true,"href":"https:\/\/www.sp11.gliwice.pl\/index.php?rest_route=%2Fwp%2Fv2%2Fcomments&post=16379"}],"version-history":[{"count":1,"href":"https:\/\/www.sp11.gliwice.pl\/index.php?rest_route=\/wp\/v2\/posts\/16379\/revisions"}],"predecessor-version":[{"id":16381,"href":"https:\/\/www.sp11.gliwice.pl\/index.php?rest_route=\/wp\/v2\/posts\/16379\/revisions\/16381"}],"wp:featuredmedia":[{"embeddable":true,"href":"https:\/\/www.sp11.gliwice.pl\/index.php?rest_route=\/wp\/v2\/media\/16380"}],"wp:attachment":[{"href":"https:\/\/www.sp11.gliwice.pl\/index.php?rest_route=%2Fwp%2Fv2%2Fmedia&parent=16379"}],"wp:term":[{"taxonomy":"category","embeddable":true,"href":"https:\/\/www.sp11.gliwice.pl\/index.php?rest_route=%2Fwp%2Fv2%2Fcategories&post=16379"},{"taxonomy":"post_tag","embeddable":true,"href":"https:\/\/www.sp11.gliwice.pl\/index.php?rest_route=%2Fwp%2Fv2%2Ftags&post=16379"}],"curies":[{"name":"wp","href":"https:\/\/api.w.org\/{rel}","templated":true}]}}