{"id":16371,"date":"2025-04-04T12:40:28","date_gmt":"2025-04-04T10:40:28","guid":{"rendered":"https:\/\/www.sp11.gliwice.pl\/?p=16371"},"modified":"2025-04-04T12:40:28","modified_gmt":"2025-04-04T10:40:28","slug":"wsparcie-w-starcie","status":"publish","type":"post","link":"https:\/\/www.sp11.gliwice.pl\/?p=16371","title":{"rendered":"WSPARCIE W STARCIE"},"content":{"rendered":"<p><span style=\"color: #000000;\">W dniu 02.04.2025 r. zainteresowani rodzice uczni\u00f3w klasy si\u00f3dmej i \u00f3smej mieli okazj\u0119 wzi\u0105\u0107 udzia\u0142 w prelekcji dot. &#8222;Wsparcia swoich dzieci w podj\u0119ciu wa\u017cnej decyzji edukacyjnej&#8221;. Spotkanie z rodzicami odby\u0142o si\u0119 w ramach realizacji Wewn\u0105trzszkolego Systemu Doradztwa Zawodowego, Programu Wychowawczo-Profilaktycznego, a tak\u017ce Dnia \u015awiadomo\u015bci Autyzmu. Dzi\u0119kujemy Panu Wies\u0142awowi Jab\u0142o\u0144skiemu &#8211; dyrektorowi Biura Cechu Rzemios\u0142 R\u00f3\u017cnych i Przedsi\u0119biorczo\u015bci w Gliwicach za obecno\u015b\u0107 i przybli\u017cenie rodzicom tematu kszta\u0142cenia zawodowego. Paniom Julii Sztyk i Monice Bohr &#8211; doradcom zawodowym w Powiatowym Urz\u0119dzie Pracy w Gliwicach, dzi\u0119kujemy za kolejny, owocny gest wsp\u00f3\u0142pracy. Liczymy na wi\u0119cej \ud83d\ude09 w nowym roku szkolnym \ud83d\ude42<\/span><\/p>\n<p style=\"text-align: right;\"><em>Katarzyna Bober &#8211; psycholog szkolny<\/em><br \/>\n<em>Monika Papaj &#8211; nauczyciel wsp\u00f3\u0142organizuj\u0105cy kszta\u0142cenie<\/em><br \/>\n<em>Joanna Magiera &#8211; pedagog szkolny<\/em><\/p>\nngg_shortcode_0_placeholder\n","protected":false},"excerpt":{"rendered":"<p>W dniu 02.04.2025 r. zainteresowani rodzice uczni\u00f3w klasy si\u00f3dmej i \u00f3smej mieli okazj\u0119 wzi\u0105\u0107 udzia\u0142 w prelekcji dot. &#8222;Wsparcia swoich dzieci w podj\u0119ciu wa\u017cnej decyzji [&hellip;]<\/p>\n","protected":false},"author":3,"featured_media":16372,"comment_status":"closed","ping_status":"closed","sticky":false,"template":"","format":"standard","meta":{"ngg_post_thumbnail":0,"footnotes":""},"categories":[4],"tags":[],"class_list":["post-16371","post","type-post","status-publish","format-standard","has-post-thumbnail","hentry","category-aktualnosci"],"_links":{"self":[{"href":"https:\/\/www.sp11.gliwice.pl\/index.php?rest_route=\/wp\/v2\/posts\/16371","targetHints":{"allow":["GET"]}}],"collection":[{"href":"https:\/\/www.sp11.gliwice.pl\/index.php?rest_route=\/wp\/v2\/posts"}],"about":[{"href":"https:\/\/www.sp11.gliwice.pl\/index.php?rest_route=\/wp\/v2\/types\/post"}],"author":[{"embeddable":true,"href":"https:\/\/www.sp11.gliwice.pl\/index.php?rest_route=\/wp\/v2\/users\/3"}],"replies":[{"embeddable":true,"href":"https:\/\/www.sp11.gliwice.pl\/index.php?rest_route=%2Fwp%2Fv2%2Fcomments&post=16371"}],"version-history":[{"count":1,"href":"https:\/\/www.sp11.gliwice.pl\/index.php?rest_route=\/wp\/v2\/posts\/16371\/revisions"}],"predecessor-version":[{"id":16373,"href":"https:\/\/www.sp11.gliwice.pl\/index.php?rest_route=\/wp\/v2\/posts\/16371\/revisions\/16373"}],"wp:featuredmedia":[{"embeddable":true,"href":"https:\/\/www.sp11.gliwice.pl\/index.php?rest_route=\/wp\/v2\/media\/16372"}],"wp:attachment":[{"href":"https:\/\/www.sp11.gliwice.pl\/index.php?rest_route=%2Fwp%2Fv2%2Fmedia&parent=16371"}],"wp:term":[{"taxonomy":"category","embeddable":true,"href":"https:\/\/www.sp11.gliwice.pl\/index.php?rest_route=%2Fwp%2Fv2%2Fcategories&post=16371"},{"taxonomy":"post_tag","embeddable":true,"href":"https:\/\/www.sp11.gliwice.pl\/index.php?rest_route=%2Fwp%2Fv2%2Ftags&post=16371"}],"curies":[{"name":"wp","href":"https:\/\/api.w.org\/{rel}","templated":true}]}}