{"id":16361,"date":"2025-04-04T12:35:53","date_gmt":"2025-04-04T10:35:53","guid":{"rendered":"https:\/\/www.sp11.gliwice.pl\/?p=16361"},"modified":"2025-04-04T12:35:53","modified_gmt":"2025-04-04T10:35:53","slug":"swiatowy-dzien-autyzmu","status":"publish","type":"post","link":"https:\/\/www.sp11.gliwice.pl\/?p=16361","title":{"rendered":"\u015awiatowy Dzie\u0144 Autyzmu"},"content":{"rendered":"<p><span style=\"color: #000000;\">\u015awiatowy Dzie\u0144 \u015awiadomo\u015bci Autyzmu obchodzony jest co roku 2 kwietnia. To wyj\u0105tkowa okazja, by zwi\u0119kszy\u0107 spo\u0142eczn\u0105 wiedz\u0119 na temat autyzmu i promowa\u0107 akceptacje os\u00f3b w spektrum. Zosta\u0142a ona ustanowiona przez ONZ, aby zwr\u00f3ci\u0107 uwag\u0119 na potrzeby os\u00f3b autystycznych i zach\u0119ca\u0107 do tworzenia bardziej otwartego spo\u0142ecze\u0144stwa.<\/span><br \/>\n<span style=\"color: #000000;\">Ka\u017cdy cz\u0142owiek jest inny, a osoby autystyczne wnosz\u0105 do \u015bwiata unikalne spojrzenie, talenty<\/span><br \/>\n<span style=\"color: #000000;\">i warto\u015bci. Zamiast d\u0105\u017cy\u0107 do zmieniania os\u00f3b w spektrum, powinni\u015bmy nauczy\u0107 si\u0119 lepiej je rozumie\u0107 i tworzy\u0107 przestrze\u0144, w kt\u00f3rej mog\u0105 rozwija\u0107 si\u0119 w zgodzie ze sob\u0105.<\/span><br \/>\n<span style=\"color: #000000;\">Kolorem solidarno\u015bci z osobami autystycznymi jest niebieski. Co roku wiele budynk\u00f3w<\/span><br \/>\n<span style=\"color: #000000;\">i miejsc publicznych roz\u015bwietla si\u0119 na niebiesko, a ludzie na ca\u0142ym \u015bwiecie zak\u0142adaj\u0105 ubrania w tym kolorze, by okaza\u0107 wsparcie.<\/span><br \/>\n<span style=\"color: #000000;\">Nasza szko\u0142a r\u00f3wnie\u017c w\u0142\u0105czy\u0142a si\u0119 do tworzenia spo\u0142ecze\u0144stwa , w kt\u00f3rym ka\u017cdy czuje si\u0119 mile widziany. Dlatego w tym dniu uczniowie klas 1-4, podczas przej\u015bcia \u015bcie\u017ck\u0105 sensoryczn\u0105, mogli poczu\u0107 z jakimi problemami spotykaj\u0105 si\u0119 osoby w spektrum autyzmu. Uczniowie klas 4- 8 mogli sp\u0119dzi\u0107 w sali gimnastycznej \u201ecich\u0105 przerw\u0119\u201d, pozbawion\u0105 codziennego, szkolnego ha\u0142asu. Dodatkowo uczniowie klasy 7 stworzyli pi\u0119kne plakaty zwi\u0105zane z Dniem \u015awiadomo\u015bci autyzmu.<\/span><br \/>\n<span style=\"color: #000000;\">\u015awiatowy Dzie\u0144 \u015awiadomo\u015bci Autyzmu to nie tylko \u015bwi\u0119to w roku \u2013 to przypomnienie, \u017ce ka\u017cdy z nas mo\u017ce przyczyni\u0107 si\u0119 do budowania bardziej akceptuj\u0105cego \u015bwiata.<\/span><\/p>\n<p style=\"text-align: right;\"><em>mgr Agnieszka Zwoli\u0144ska<\/em><\/p>\nngg_shortcode_0_placeholder\n","protected":false},"excerpt":{"rendered":"<p>\u015awiatowy Dzie\u0144 \u015awiadomo\u015bci Autyzmu obchodzony jest co roku 2 kwietnia. To wyj\u0105tkowa okazja, by zwi\u0119kszy\u0107 spo\u0142eczn\u0105 wiedz\u0119 na temat autyzmu i promowa\u0107 akceptacje os\u00f3b w [&hellip;]<\/p>\n","protected":false},"author":3,"featured_media":16362,"comment_status":"closed","ping_status":"closed","sticky":false,"template":"","format":"standard","meta":{"ngg_post_thumbnail":0,"footnotes":""},"categories":[4],"tags":[],"class_list":["post-16361","post","type-post","status-publish","format-standard","has-post-thumbnail","hentry","category-aktualnosci"],"_links":{"self":[{"href":"https:\/\/www.sp11.gliwice.pl\/index.php?rest_route=\/wp\/v2\/posts\/16361","targetHints":{"allow":["GET"]}}],"collection":[{"href":"https:\/\/www.sp11.gliwice.pl\/index.php?rest_route=\/wp\/v2\/posts"}],"about":[{"href":"https:\/\/www.sp11.gliwice.pl\/index.php?rest_route=\/wp\/v2\/types\/post"}],"author":[{"embeddable":true,"href":"https:\/\/www.sp11.gliwice.pl\/index.php?rest_route=\/wp\/v2\/users\/3"}],"replies":[{"embeddable":true,"href":"https:\/\/www.sp11.gliwice.pl\/index.php?rest_route=%2Fwp%2Fv2%2Fcomments&post=16361"}],"version-history":[{"count":1,"href":"https:\/\/www.sp11.gliwice.pl\/index.php?rest_route=\/wp\/v2\/posts\/16361\/revisions"}],"predecessor-version":[{"id":16363,"href":"https:\/\/www.sp11.gliwice.pl\/index.php?rest_route=\/wp\/v2\/posts\/16361\/revisions\/16363"}],"wp:featuredmedia":[{"embeddable":true,"href":"https:\/\/www.sp11.gliwice.pl\/index.php?rest_route=\/wp\/v2\/media\/16362"}],"wp:attachment":[{"href":"https:\/\/www.sp11.gliwice.pl\/index.php?rest_route=%2Fwp%2Fv2%2Fmedia&parent=16361"}],"wp:term":[{"taxonomy":"category","embeddable":true,"href":"https:\/\/www.sp11.gliwice.pl\/index.php?rest_route=%2Fwp%2Fv2%2Fcategories&post=16361"},{"taxonomy":"post_tag","embeddable":true,"href":"https:\/\/www.sp11.gliwice.pl\/index.php?rest_route=%2Fwp%2Fv2%2Ftags&post=16361"}],"curies":[{"name":"wp","href":"https:\/\/api.w.org\/{rel}","templated":true}]}}