{"id":16347,"date":"2025-04-04T12:10:19","date_gmt":"2025-04-04T10:10:19","guid":{"rendered":"https:\/\/www.sp11.gliwice.pl\/?p=16347"},"modified":"2025-04-04T12:10:19","modified_gmt":"2025-04-04T10:10:19","slug":"jak-osiagac-cele","status":"publish","type":"post","link":"https:\/\/www.sp11.gliwice.pl\/?p=16347","title":{"rendered":"JAK OSI\u0104GA\u0106 CELE?"},"content":{"rendered":"<p><span style=\"color: #000000;\">W dniu 31.03.2025 r. po raz kolejny go\u015bcili\u015bmy w naszej szkole psycholog\u00f3w Poradni Psychologiczno-Pedagogicznej w Gliwicach. Tym razem p. Beata Kami\u0144ska i p. Aleksandra Nowak przybli\u017cy\u0142y uczniom klas 8a i 7a temat &#8222;Motywacji i osi\u0105gania cel\u00f3w&#8221;. Podkre\u015bli\u0142y znacz\u0105c\u0105 rol\u0119 motywowania wewn\u0119trznego jako umiej\u0119tno\u015bci nadrz\u0119dnej, wp\u0142ywaj\u0105cej na wyznaczanie i realizacj\u0119 cel\u00f3w. Dzi\u0119kujemy specjalistom za wsp\u00f3\u0142prac\u0119.<\/span><\/p>\n<p style=\"text-align: right;\">\n<em>mgr Joanna Magiera &#8211; pedagog szkolny<\/em><\/p>\nngg_shortcode_0_placeholder\n","protected":false},"excerpt":{"rendered":"<p>W dniu 31.03.2025 r. po raz kolejny go\u015bcili\u015bmy w naszej szkole psycholog\u00f3w Poradni Psychologiczno-Pedagogicznej w Gliwicach. Tym razem p. Beata Kami\u0144ska i p. Aleksandra Nowak [&hellip;]<\/p>\n","protected":false},"author":3,"featured_media":16348,"comment_status":"closed","ping_status":"closed","sticky":false,"template":"","format":"standard","meta":{"ngg_post_thumbnail":0,"footnotes":""},"categories":[4],"tags":[],"class_list":["post-16347","post","type-post","status-publish","format-standard","has-post-thumbnail","hentry","category-aktualnosci"],"_links":{"self":[{"href":"https:\/\/www.sp11.gliwice.pl\/index.php?rest_route=\/wp\/v2\/posts\/16347","targetHints":{"allow":["GET"]}}],"collection":[{"href":"https:\/\/www.sp11.gliwice.pl\/index.php?rest_route=\/wp\/v2\/posts"}],"about":[{"href":"https:\/\/www.sp11.gliwice.pl\/index.php?rest_route=\/wp\/v2\/types\/post"}],"author":[{"embeddable":true,"href":"https:\/\/www.sp11.gliwice.pl\/index.php?rest_route=\/wp\/v2\/users\/3"}],"replies":[{"embeddable":true,"href":"https:\/\/www.sp11.gliwice.pl\/index.php?rest_route=%2Fwp%2Fv2%2Fcomments&post=16347"}],"version-history":[{"count":1,"href":"https:\/\/www.sp11.gliwice.pl\/index.php?rest_route=\/wp\/v2\/posts\/16347\/revisions"}],"predecessor-version":[{"id":16349,"href":"https:\/\/www.sp11.gliwice.pl\/index.php?rest_route=\/wp\/v2\/posts\/16347\/revisions\/16349"}],"wp:featuredmedia":[{"embeddable":true,"href":"https:\/\/www.sp11.gliwice.pl\/index.php?rest_route=\/wp\/v2\/media\/16348"}],"wp:attachment":[{"href":"https:\/\/www.sp11.gliwice.pl\/index.php?rest_route=%2Fwp%2Fv2%2Fmedia&parent=16347"}],"wp:term":[{"taxonomy":"category","embeddable":true,"href":"https:\/\/www.sp11.gliwice.pl\/index.php?rest_route=%2Fwp%2Fv2%2Fcategories&post=16347"},{"taxonomy":"post_tag","embeddable":true,"href":"https:\/\/www.sp11.gliwice.pl\/index.php?rest_route=%2Fwp%2Fv2%2Ftags&post=16347"}],"curies":[{"name":"wp","href":"https:\/\/api.w.org\/{rel}","templated":true}]}}