{"id":16339,"date":"2025-04-04T12:02:29","date_gmt":"2025-04-04T10:02:29","guid":{"rendered":"https:\/\/www.sp11.gliwice.pl\/?p=16339"},"modified":"2025-04-04T12:02:29","modified_gmt":"2025-04-04T10:02:29","slug":"dzien-kolorowej-skarpetki-2","status":"publish","type":"post","link":"https:\/\/www.sp11.gliwice.pl\/?p=16339","title":{"rendered":"Dzie\u0144 Kolorowej Skarpetki"},"content":{"rendered":"<div dir=\"auto\"><span style=\"color: #000000;\">21 marca obchodzimy pierwszy dzie\u0144 kalendarzowej wiosny oraz \u015awiatowy Dzie\u0144 Zespo\u0142u Downa\/Dzie\u0144 Kolorowej Skarpetki.<\/span><\/div>\n<div dir=\"auto\"><span style=\"color: #000000;\">Data jest nieprzypadkowa \u2013 nawi\u0105zuje do obecno\u015bci trzeciego chromosomu w 21 parze chromosom\u00f3w.<\/span><\/div>\n<div dir=\"auto\"><span style=\"color: #000000;\">Wierzymy, \u017ce drobne gesty maj\u0105 znaczenie, dlatego nasza szko\u0142a tez w\u0142\u0105czy\u0142a si\u0119 do tej akcji, pokazuj\u0105c swoje zrozumienie i akceptacj\u0119. Nasze przedszkolaki i nasi uczniowie za\u0142o\u017cyli kolorowe skarpetki, nie do pary, oraz wzi\u0119li udzia\u0142 w zaj\u0119ciach rozwijaj\u0105cych \u015bwiadomo\u015b\u0107 na temat Zespo\u0142u Downa.<\/span><\/div>\n<div dir=\"auto\">&nbsp;<\/div>\n<div dir=\"auto\" style=\"text-align: right;\"><em>mgr Agnieszka Zwoli\u0144ska<\/em><\/div>\n<div dir=\"auto\">ngg_shortcode_0_placeholder<\/div>\n","protected":false},"excerpt":{"rendered":"<p>21 marca obchodzimy pierwszy dzie\u0144 kalendarzowej wiosny oraz \u015awiatowy Dzie\u0144 Zespo\u0142u Downa\/Dzie\u0144 Kolorowej Skarpetki. Data jest nieprzypadkowa \u2013 nawi\u0105zuje do obecno\u015bci trzeciego chromosomu w 21 [&hellip;]<\/p>\n","protected":false},"author":3,"featured_media":16340,"comment_status":"closed","ping_status":"closed","sticky":false,"template":"","format":"standard","meta":{"ngg_post_thumbnail":0,"footnotes":""},"categories":[4],"tags":[],"class_list":["post-16339","post","type-post","status-publish","format-standard","has-post-thumbnail","hentry","category-aktualnosci"],"_links":{"self":[{"href":"https:\/\/www.sp11.gliwice.pl\/index.php?rest_route=\/wp\/v2\/posts\/16339","targetHints":{"allow":["GET"]}}],"collection":[{"href":"https:\/\/www.sp11.gliwice.pl\/index.php?rest_route=\/wp\/v2\/posts"}],"about":[{"href":"https:\/\/www.sp11.gliwice.pl\/index.php?rest_route=\/wp\/v2\/types\/post"}],"author":[{"embeddable":true,"href":"https:\/\/www.sp11.gliwice.pl\/index.php?rest_route=\/wp\/v2\/users\/3"}],"replies":[{"embeddable":true,"href":"https:\/\/www.sp11.gliwice.pl\/index.php?rest_route=%2Fwp%2Fv2%2Fcomments&post=16339"}],"version-history":[{"count":1,"href":"https:\/\/www.sp11.gliwice.pl\/index.php?rest_route=\/wp\/v2\/posts\/16339\/revisions"}],"predecessor-version":[{"id":16341,"href":"https:\/\/www.sp11.gliwice.pl\/index.php?rest_route=\/wp\/v2\/posts\/16339\/revisions\/16341"}],"wp:featuredmedia":[{"embeddable":true,"href":"https:\/\/www.sp11.gliwice.pl\/index.php?rest_route=\/wp\/v2\/media\/16340"}],"wp:attachment":[{"href":"https:\/\/www.sp11.gliwice.pl\/index.php?rest_route=%2Fwp%2Fv2%2Fmedia&parent=16339"}],"wp:term":[{"taxonomy":"category","embeddable":true,"href":"https:\/\/www.sp11.gliwice.pl\/index.php?rest_route=%2Fwp%2Fv2%2Fcategories&post=16339"},{"taxonomy":"post_tag","embeddable":true,"href":"https:\/\/www.sp11.gliwice.pl\/index.php?rest_route=%2Fwp%2Fv2%2Ftags&post=16339"}],"curies":[{"name":"wp","href":"https:\/\/api.w.org\/{rel}","templated":true}]}}