{"id":16327,"date":"2025-04-04T11:28:50","date_gmt":"2025-04-04T09:28:50","guid":{"rendered":"https:\/\/www.sp11.gliwice.pl\/?p=16327"},"modified":"2025-04-04T11:56:10","modified_gmt":"2025-04-04T09:56:10","slug":"dzien-teatru-w-przedszkolu","status":"publish","type":"post","link":"https:\/\/www.sp11.gliwice.pl\/?p=16327","title":{"rendered":"Dzie\u0144 Teatru w przedszkolu"},"content":{"rendered":"<p><span style=\"color: #000000;\"><a style=\"color: #000000;\" href=\"http:\/\/27.03.br\" target=\"_blank\" rel=\"noopener noreferrer\">27.03.br<\/a>. obchodzili\u015bmy w naszych grupach Dzie\u0144 Teatru. Dzieci mia\u0142y mo\u017cliwo\u015b\u0107 zobaczy\u0107 jak wygl\u0105da Teatr, pozna\u0107 jego rodzaje, mog\u0142y r\u00f3wnie\u017c obejrze\u0107 ( dzi\u0119ki Internetowi) teatrzyk kukie\u0142kowy pt.&#8221; \u015api\u0105ca kr\u00f3lewna&#8221;. Dzie\u0144 up\u0142yn\u0105\u0142 mi\u0142o i sympatycznie.&nbsp;<\/span><\/p>\n<p style=\"text-align: right;\"><em>mgr Cecylia Pierzcha\u0142a<\/em><\/p>\nngg_shortcode_0_placeholder\n","protected":false},"excerpt":{"rendered":"<p>27.03.br. obchodzili\u015bmy w naszych grupach Dzie\u0144 Teatru. Dzieci mia\u0142y mo\u017cliwo\u015b\u0107 zobaczy\u0107 jak wygl\u0105da Teatr, pozna\u0107 jego rodzaje, mog\u0142y r\u00f3wnie\u017c obejrze\u0107 ( dzi\u0119ki Internetowi) teatrzyk kukie\u0142kowy [&hellip;]<\/p>\n","protected":false},"author":3,"featured_media":16328,"comment_status":"closed","ping_status":"closed","sticky":false,"template":"","format":"standard","meta":{"ngg_post_thumbnail":0,"footnotes":""},"categories":[4],"tags":[],"class_list":["post-16327","post","type-post","status-publish","format-standard","has-post-thumbnail","hentry","category-aktualnosci"],"_links":{"self":[{"href":"https:\/\/www.sp11.gliwice.pl\/index.php?rest_route=\/wp\/v2\/posts\/16327","targetHints":{"allow":["GET"]}}],"collection":[{"href":"https:\/\/www.sp11.gliwice.pl\/index.php?rest_route=\/wp\/v2\/posts"}],"about":[{"href":"https:\/\/www.sp11.gliwice.pl\/index.php?rest_route=\/wp\/v2\/types\/post"}],"author":[{"embeddable":true,"href":"https:\/\/www.sp11.gliwice.pl\/index.php?rest_route=\/wp\/v2\/users\/3"}],"replies":[{"embeddable":true,"href":"https:\/\/www.sp11.gliwice.pl\/index.php?rest_route=%2Fwp%2Fv2%2Fcomments&post=16327"}],"version-history":[{"count":1,"href":"https:\/\/www.sp11.gliwice.pl\/index.php?rest_route=\/wp\/v2\/posts\/16327\/revisions"}],"predecessor-version":[{"id":16329,"href":"https:\/\/www.sp11.gliwice.pl\/index.php?rest_route=\/wp\/v2\/posts\/16327\/revisions\/16329"}],"wp:featuredmedia":[{"embeddable":true,"href":"https:\/\/www.sp11.gliwice.pl\/index.php?rest_route=\/wp\/v2\/media\/16328"}],"wp:attachment":[{"href":"https:\/\/www.sp11.gliwice.pl\/index.php?rest_route=%2Fwp%2Fv2%2Fmedia&parent=16327"}],"wp:term":[{"taxonomy":"category","embeddable":true,"href":"https:\/\/www.sp11.gliwice.pl\/index.php?rest_route=%2Fwp%2Fv2%2Fcategories&post=16327"},{"taxonomy":"post_tag","embeddable":true,"href":"https:\/\/www.sp11.gliwice.pl\/index.php?rest_route=%2Fwp%2Fv2%2Ftags&post=16327"}],"curies":[{"name":"wp","href":"https:\/\/api.w.org\/{rel}","templated":true}]}}