{"id":16292,"date":"2025-04-03T13:06:20","date_gmt":"2025-04-03T11:06:20","guid":{"rendered":"https:\/\/www.sp11.gliwice.pl\/?p=16292"},"modified":"2025-04-03T13:06:20","modified_gmt":"2025-04-03T11:06:20","slug":"spotkanie-w-ramach-projektu-zdrowe-gliwice","status":"publish","type":"post","link":"https:\/\/www.sp11.gliwice.pl\/?p=16292","title":{"rendered":"Spotkanie w ramach Projektu &#8222;Zdrowe Gliwice&#8221;"},"content":{"rendered":"<p><span style=\"color: #000000;\">2 marca 2025 r. uczniowie klasy 7 i 8 uczestniczyli w spotkaniu w ramach Projektu &#8222;Zdrowe Gliwice&#8221; realizowanego przez Fundacj\u0119 Phoenix Time pod patronatem Miasta Gliwice.<\/span><\/p>\n<p><span style=\"color: #000000;\">Projekt ma na celu poprzez rozmow\u0119, ruch i rozw\u00f3j osobisty &#8211; wzmacnianie zdrowia psychicznego i fizycznego m\u0142odzie\u017cy.<\/span><\/p>\n<p><span style=\"color: #000000;\">Prelekcja motywacyjna prowadzona przez Pana Juana &#8211; i Pani\u0105 Basi\u0119 -psycholog wzbudzi\u0142a du\u017ce zainteresowanie w\u015br\u00f3d uczni\u00f3w, kt\u00f3rzy ju\u017c nast\u0119pnego dnia domagali si\u0119 powt\u00f3rzenia spotkania&nbsp; i ponownego zaproszenia prelegent\u00f3w \ud83d\ude42 <\/span><\/p>\n<p><span style=\"color: #000000;\">Jest nam tym bardziej mi\u0142o, bo prowadz\u0105cy jest naszym absolwentem \ud83d\ude42 <\/span><\/p>\n<p><span style=\"color: #000000;\">Bardzo dzi\u0119kujemy za spotkanie i zapraszamy ponownie \ud83d\ude42<\/span><\/p>\nngg_shortcode_0_placeholder\n","protected":false},"excerpt":{"rendered":"<p>2 marca 2025 r. uczniowie klasy 7 i 8 uczestniczyli w spotkaniu w ramach Projektu &#8222;Zdrowe Gliwice&#8221; realizowanego przez Fundacj\u0119 Phoenix Time pod patronatem Miasta [&hellip;]<\/p>\n","protected":false},"author":3,"featured_media":16293,"comment_status":"closed","ping_status":"closed","sticky":false,"template":"","format":"standard","meta":{"ngg_post_thumbnail":0,"footnotes":""},"categories":[4],"tags":[],"class_list":["post-16292","post","type-post","status-publish","format-standard","has-post-thumbnail","hentry","category-aktualnosci"],"_links":{"self":[{"href":"https:\/\/www.sp11.gliwice.pl\/index.php?rest_route=\/wp\/v2\/posts\/16292","targetHints":{"allow":["GET"]}}],"collection":[{"href":"https:\/\/www.sp11.gliwice.pl\/index.php?rest_route=\/wp\/v2\/posts"}],"about":[{"href":"https:\/\/www.sp11.gliwice.pl\/index.php?rest_route=\/wp\/v2\/types\/post"}],"author":[{"embeddable":true,"href":"https:\/\/www.sp11.gliwice.pl\/index.php?rest_route=\/wp\/v2\/users\/3"}],"replies":[{"embeddable":true,"href":"https:\/\/www.sp11.gliwice.pl\/index.php?rest_route=%2Fwp%2Fv2%2Fcomments&post=16292"}],"version-history":[{"count":1,"href":"https:\/\/www.sp11.gliwice.pl\/index.php?rest_route=\/wp\/v2\/posts\/16292\/revisions"}],"predecessor-version":[{"id":16294,"href":"https:\/\/www.sp11.gliwice.pl\/index.php?rest_route=\/wp\/v2\/posts\/16292\/revisions\/16294"}],"wp:featuredmedia":[{"embeddable":true,"href":"https:\/\/www.sp11.gliwice.pl\/index.php?rest_route=\/wp\/v2\/media\/16293"}],"wp:attachment":[{"href":"https:\/\/www.sp11.gliwice.pl\/index.php?rest_route=%2Fwp%2Fv2%2Fmedia&parent=16292"}],"wp:term":[{"taxonomy":"category","embeddable":true,"href":"https:\/\/www.sp11.gliwice.pl\/index.php?rest_route=%2Fwp%2Fv2%2Fcategories&post=16292"},{"taxonomy":"post_tag","embeddable":true,"href":"https:\/\/www.sp11.gliwice.pl\/index.php?rest_route=%2Fwp%2Fv2%2Ftags&post=16292"}],"curies":[{"name":"wp","href":"https:\/\/api.w.org\/{rel}","templated":true}]}}