{"id":16266,"date":"2025-03-27T09:44:18","date_gmt":"2025-03-27T08:44:18","guid":{"rendered":"https:\/\/www.sp11.gliwice.pl\/?p=16266"},"modified":"2025-03-27T09:44:18","modified_gmt":"2025-03-27T08:44:18","slug":"jezyki-obce-na-sportowo","status":"publish","type":"post","link":"https:\/\/www.sp11.gliwice.pl\/?p=16266","title":{"rendered":"J\u0119zyki obce na sportowo"},"content":{"rendered":"<p><span style=\"color: #000000;\">21 marca 2025r. klasy IIIa i IIIb bra\u0142y udzia\u0142 w szkolnej imprezie \u201eDzie\u0144 z j\u0119zykami obcymi na sportowo\u201d. Uczniowie bardzo ch\u0119tnie podj\u0119li zmagania sportowo- j\u0119zykowe&nbsp; i wykazali wielkie zaanga\u017cowanie we wszystkich konkurencjach. Obie dru\u017cyny na zako\u0144czenie imprezy otrzyma\u0142y dyplomy, kt\u00f3re b\u0119d\u0105 przypomina\u0142y o tym wydarzeniu.<\/span><br \/>\n<span style=\"color: #000000;\">Celem imprezy by\u0142o powt\u00f3rzenie wybranego s\u0142ownictwa w j\u0119zyku angielskim i niemieckim, wspieranie wsp\u00f3\u0142pracy w grupie i zdrowej rywalizacji oraz zach\u0119canie uczni\u00f3w do aktywno\u015bci fizycznej i zabawy w j\u0119zykach obcych.<\/span><\/p>\n<p style=\"text-align: right;\">\n&nbsp;&nbsp;&nbsp;&nbsp;&nbsp;&nbsp;&nbsp;&nbsp;&nbsp;&nbsp;&nbsp;&nbsp;&nbsp;&nbsp;&nbsp;&nbsp;&nbsp;&nbsp;&nbsp;&nbsp;&nbsp;&nbsp;&nbsp;&nbsp;&nbsp;&nbsp;&nbsp;&nbsp;&nbsp;&nbsp;&nbsp;&nbsp;&nbsp;&nbsp;&nbsp;&nbsp;&nbsp;&nbsp;&nbsp;&nbsp;&nbsp;&nbsp;&nbsp;&nbsp;&nbsp;&nbsp;&nbsp;&nbsp;&nbsp;&nbsp;&nbsp;&nbsp;&nbsp;&nbsp;&nbsp;&nbsp;&nbsp;&nbsp;&nbsp;&nbsp;&nbsp;&nbsp;&nbsp;&nbsp; <em>mgr Karolina Bonczar<\/em><\/p>\n<p style=\"text-align: right;\"><em>mgr Ma\u0142gorzata Pawe\u0142ek<\/em>&nbsp;&nbsp;<\/p>\nngg_shortcode_0_placeholder\n","protected":false},"excerpt":{"rendered":"<p>21 marca 2025r. klasy IIIa i IIIb bra\u0142y udzia\u0142 w szkolnej imprezie \u201eDzie\u0144 z j\u0119zykami obcymi na sportowo\u201d. Uczniowie bardzo ch\u0119tnie podj\u0119li zmagania sportowo- j\u0119zykowe&nbsp; [&hellip;]<\/p>\n","protected":false},"author":3,"featured_media":16267,"comment_status":"closed","ping_status":"closed","sticky":false,"template":"","format":"standard","meta":{"ngg_post_thumbnail":0,"footnotes":""},"categories":[4],"tags":[],"class_list":["post-16266","post","type-post","status-publish","format-standard","has-post-thumbnail","hentry","category-aktualnosci"],"_links":{"self":[{"href":"https:\/\/www.sp11.gliwice.pl\/index.php?rest_route=\/wp\/v2\/posts\/16266","targetHints":{"allow":["GET"]}}],"collection":[{"href":"https:\/\/www.sp11.gliwice.pl\/index.php?rest_route=\/wp\/v2\/posts"}],"about":[{"href":"https:\/\/www.sp11.gliwice.pl\/index.php?rest_route=\/wp\/v2\/types\/post"}],"author":[{"embeddable":true,"href":"https:\/\/www.sp11.gliwice.pl\/index.php?rest_route=\/wp\/v2\/users\/3"}],"replies":[{"embeddable":true,"href":"https:\/\/www.sp11.gliwice.pl\/index.php?rest_route=%2Fwp%2Fv2%2Fcomments&post=16266"}],"version-history":[{"count":1,"href":"https:\/\/www.sp11.gliwice.pl\/index.php?rest_route=\/wp\/v2\/posts\/16266\/revisions"}],"predecessor-version":[{"id":16268,"href":"https:\/\/www.sp11.gliwice.pl\/index.php?rest_route=\/wp\/v2\/posts\/16266\/revisions\/16268"}],"wp:featuredmedia":[{"embeddable":true,"href":"https:\/\/www.sp11.gliwice.pl\/index.php?rest_route=\/wp\/v2\/media\/16267"}],"wp:attachment":[{"href":"https:\/\/www.sp11.gliwice.pl\/index.php?rest_route=%2Fwp%2Fv2%2Fmedia&parent=16266"}],"wp:term":[{"taxonomy":"category","embeddable":true,"href":"https:\/\/www.sp11.gliwice.pl\/index.php?rest_route=%2Fwp%2Fv2%2Fcategories&post=16266"},{"taxonomy":"post_tag","embeddable":true,"href":"https:\/\/www.sp11.gliwice.pl\/index.php?rest_route=%2Fwp%2Fv2%2Ftags&post=16266"}],"curies":[{"name":"wp","href":"https:\/\/api.w.org\/{rel}","templated":true}]}}