{"id":16260,"date":"2025-03-27T09:35:52","date_gmt":"2025-03-27T08:35:52","guid":{"rendered":"https:\/\/www.sp11.gliwice.pl\/?p=16260"},"modified":"2025-03-27T09:35:52","modified_gmt":"2025-03-27T08:35:52","slug":"dzien-wody-w-przedszkolu","status":"publish","type":"post","link":"https:\/\/www.sp11.gliwice.pl\/?p=16260","title":{"rendered":"Dzie\u0144 Wody w przedszkolu"},"content":{"rendered":"<p><span style=\"color: #000000;\">24 marca dzieci z naszego Przedszkola obchodzi\u0142y \u015awiatowy Dzie\u0144 Wody. Jest to \u015bwi\u0119to ustanowione przez ONZ. \u015awiatowy dzie\u0144 wody to okazja by u\u015bwiadomi\u0107 dzieciom jak wa\u017cna jest woda i jaki ma wp\u0142yw na \u017cycie ludzi, zwierz\u0105t i ro\u015blin na Ziemi. Z tej okazji dzieci przysz\u0142y ubrane na niebiesko. Przedszkolaki wzi\u0119\u0142y udzia\u0142 w r\u00f3\u017cnych zabawach i do\u015bwiadczeniach, kt\u00f3re pozwoli\u0142y im dowiedzie\u0107 si\u0119 wi\u0119cej ciekawostek o wodzie. Dzieci okre\u015bla\u0142y smak, zapach i kolor wody, a tak\u017ce sprawdza\u0142y co tonie, a co p\u0142ywa po powierzchni. Pozna\u0142y r\u00f3\u017cne sposoby wykorzystania wody i sposoby jej oszcz\u0119dzania. Na koniec nie zabrak\u0142o oczywi\u015bcie starannie wykonanych prac plastycznych. Po tym dniu ka\u017cdy Przedszkolak ju\u017c dobrze wie, \u017ce woda jest niezb\u0119dna do \u017cycia.<\/span><\/p>\n<p style=\"text-align: right;\"><em>mgr Natalia Jarocka<\/em><\/p>\nngg_shortcode_0_placeholder\n","protected":false},"excerpt":{"rendered":"<p>24 marca dzieci z naszego Przedszkola obchodzi\u0142y \u015awiatowy Dzie\u0144 Wody. Jest to \u015bwi\u0119to ustanowione przez ONZ. \u015awiatowy dzie\u0144 wody to okazja by u\u015bwiadomi\u0107 dzieciom jak [&hellip;]<\/p>\n","protected":false},"author":3,"featured_media":16261,"comment_status":"closed","ping_status":"closed","sticky":false,"template":"","format":"standard","meta":{"ngg_post_thumbnail":0,"footnotes":""},"categories":[4],"tags":[],"class_list":["post-16260","post","type-post","status-publish","format-standard","has-post-thumbnail","hentry","category-aktualnosci"],"_links":{"self":[{"href":"https:\/\/www.sp11.gliwice.pl\/index.php?rest_route=\/wp\/v2\/posts\/16260","targetHints":{"allow":["GET"]}}],"collection":[{"href":"https:\/\/www.sp11.gliwice.pl\/index.php?rest_route=\/wp\/v2\/posts"}],"about":[{"href":"https:\/\/www.sp11.gliwice.pl\/index.php?rest_route=\/wp\/v2\/types\/post"}],"author":[{"embeddable":true,"href":"https:\/\/www.sp11.gliwice.pl\/index.php?rest_route=\/wp\/v2\/users\/3"}],"replies":[{"embeddable":true,"href":"https:\/\/www.sp11.gliwice.pl\/index.php?rest_route=%2Fwp%2Fv2%2Fcomments&post=16260"}],"version-history":[{"count":1,"href":"https:\/\/www.sp11.gliwice.pl\/index.php?rest_route=\/wp\/v2\/posts\/16260\/revisions"}],"predecessor-version":[{"id":16262,"href":"https:\/\/www.sp11.gliwice.pl\/index.php?rest_route=\/wp\/v2\/posts\/16260\/revisions\/16262"}],"wp:featuredmedia":[{"embeddable":true,"href":"https:\/\/www.sp11.gliwice.pl\/index.php?rest_route=\/wp\/v2\/media\/16261"}],"wp:attachment":[{"href":"https:\/\/www.sp11.gliwice.pl\/index.php?rest_route=%2Fwp%2Fv2%2Fmedia&parent=16260"}],"wp:term":[{"taxonomy":"category","embeddable":true,"href":"https:\/\/www.sp11.gliwice.pl\/index.php?rest_route=%2Fwp%2Fv2%2Fcategories&post=16260"},{"taxonomy":"post_tag","embeddable":true,"href":"https:\/\/www.sp11.gliwice.pl\/index.php?rest_route=%2Fwp%2Fv2%2Ftags&post=16260"}],"curies":[{"name":"wp","href":"https:\/\/api.w.org\/{rel}","templated":true}]}}