{"id":16246,"date":"2025-03-27T09:11:25","date_gmt":"2025-03-27T08:11:25","guid":{"rendered":"https:\/\/www.sp11.gliwice.pl\/?p=16246"},"modified":"2025-03-27T09:11:25","modified_gmt":"2025-03-27T08:11:25","slug":"pierwszy-dzien-wiosny-w-naszym-przedszkolu-%f0%9f%8c%b7","status":"publish","type":"post","link":"https:\/\/www.sp11.gliwice.pl\/?p=16246","title":{"rendered":"Pierwszy Dzie\u0144 Wiosny w naszym przedszkolu \ud83c\udf37."},"content":{"rendered":"<p><span style=\"color: #000000;\">\ud83c\udf3c&#8221;Na promyku s\u0142o\u0144ca, tu\u017c po pierwszej burzy,przysz\u0142a do nas wiosna z dalekiej podr\u00f3\u017cy. Wita\u0142y j\u0105: bocian, skowronek i szpaki, wita\u0142y j\u0105 tak\u017ce wszystkie przedszkolaki&#8230;&#8221;\ud83c\udf3c<\/span><br \/>\n<span style=\"color: #000000;\">21.03 wszystkie przedszkolaki zebra\u0142y si\u0119 na przedszkolnym placu aby powita\u0107 Pani\u0105 Wiosn\u0119. Dzieci \u015bpiewaj\u0105co wyruszy\u0142y w barwnym korowodzie na czele kt\u00f3rego widnia\u0142a Marzanna. Wszyscy z upragnieniem i zaciekawieniem wypatrywali pierwszych oznak wiosny\ud83c\udf37 \u2600\ufe0f\ud83c\udf3c\ud83e\udebb. G\u0142o\u015bnym \u015bpiewem wyp\u0119dzili\u015bmy zim\u0119 i przywitali\u015bmy s\u0142oneczn\u0105 Wiosn\u0119 . To by\u0142 wyj\u0105tkowy dzie\u0144 \u2600\ufe0f\ud83e\udebb\ud83c\udf37\ud83d\udc1e<\/span><\/p>\n<p style=\"text-align: right;\"><em>Joanna Aleksander<\/em><\/p>\nngg_shortcode_0_placeholder\n","protected":false},"excerpt":{"rendered":"<p>\ud83c\udf3c&#8221;Na promyku s\u0142o\u0144ca, tu\u017c po pierwszej burzy,przysz\u0142a do nas wiosna z dalekiej podr\u00f3\u017cy. Wita\u0142y j\u0105: bocian, skowronek i szpaki, wita\u0142y j\u0105 tak\u017ce wszystkie przedszkolaki&#8230;&#8221;\ud83c\udf3c 21.03 [&hellip;]<\/p>\n","protected":false},"author":3,"featured_media":16247,"comment_status":"closed","ping_status":"closed","sticky":false,"template":"","format":"standard","meta":{"ngg_post_thumbnail":0,"footnotes":""},"categories":[4],"tags":[],"class_list":["post-16246","post","type-post","status-publish","format-standard","has-post-thumbnail","hentry","category-aktualnosci"],"_links":{"self":[{"href":"https:\/\/www.sp11.gliwice.pl\/index.php?rest_route=\/wp\/v2\/posts\/16246","targetHints":{"allow":["GET"]}}],"collection":[{"href":"https:\/\/www.sp11.gliwice.pl\/index.php?rest_route=\/wp\/v2\/posts"}],"about":[{"href":"https:\/\/www.sp11.gliwice.pl\/index.php?rest_route=\/wp\/v2\/types\/post"}],"author":[{"embeddable":true,"href":"https:\/\/www.sp11.gliwice.pl\/index.php?rest_route=\/wp\/v2\/users\/3"}],"replies":[{"embeddable":true,"href":"https:\/\/www.sp11.gliwice.pl\/index.php?rest_route=%2Fwp%2Fv2%2Fcomments&post=16246"}],"version-history":[{"count":1,"href":"https:\/\/www.sp11.gliwice.pl\/index.php?rest_route=\/wp\/v2\/posts\/16246\/revisions"}],"predecessor-version":[{"id":16248,"href":"https:\/\/www.sp11.gliwice.pl\/index.php?rest_route=\/wp\/v2\/posts\/16246\/revisions\/16248"}],"wp:featuredmedia":[{"embeddable":true,"href":"https:\/\/www.sp11.gliwice.pl\/index.php?rest_route=\/wp\/v2\/media\/16247"}],"wp:attachment":[{"href":"https:\/\/www.sp11.gliwice.pl\/index.php?rest_route=%2Fwp%2Fv2%2Fmedia&parent=16246"}],"wp:term":[{"taxonomy":"category","embeddable":true,"href":"https:\/\/www.sp11.gliwice.pl\/index.php?rest_route=%2Fwp%2Fv2%2Fcategories&post=16246"},{"taxonomy":"post_tag","embeddable":true,"href":"https:\/\/www.sp11.gliwice.pl\/index.php?rest_route=%2Fwp%2Fv2%2Ftags&post=16246"}],"curies":[{"name":"wp","href":"https:\/\/api.w.org\/{rel}","templated":true}]}}