{"id":16234,"date":"2025-03-27T09:02:16","date_gmt":"2025-03-27T08:02:16","guid":{"rendered":"https:\/\/www.sp11.gliwice.pl\/?p=16234"},"modified":"2025-03-27T09:02:16","modified_gmt":"2025-03-27T08:02:16","slug":"mini-masterchef-w-ckziu-w-gliwicach","status":"publish","type":"post","link":"https:\/\/www.sp11.gliwice.pl\/?p=16234","title":{"rendered":"MINI MASTERCHEF W CKZiU W GLIWICACH"},"content":{"rendered":"<div dir=\"auto\"><span style=\"color: #000000;\">W dniu 18.marca 2025 r. ch\u0119tne uczennice z kl. 8a wzi\u0119\u0142y udzia\u0142 w mi\u0119dzyszkolnym konkursie gastronomicznym dla uczni\u00f3w klas \u00f3smych szk\u00f3\u0142 podstawowych pt. &#8222;Mini Masterchef&#8221;, kt\u00f3rego organizatorem od wielu lat jest Centrum Kszta\u0142cenia Zawodowego i Ustawicznego nr 1 w Gliwicach. Do konkursu przyst\u0105pi\u0142o pi\u0119tna\u015bcie dwuosobowych zespo\u0142\u00f3w, a tegorocznym tematem przewodnim by\u0142y &#8222;Wariacje nale\u015bnikowe&#8221;. Nasze dziewczyny przygotowa\u0142y popisowe dania &#8211; r\u00f3\u017cki nale\u015bnikowe po lombardzku i torciki wytrawne. Dzi\u0119kujemy Mai Adamek, Cassandrze Kwieci\u0144skiej &#8211; Brylok, Wiktorii Dr\u0105\u017cczak i Hannie Szewczyk za godne reprezentowanie naszej szko\u0142y i zapraszamy do obejrzenia zdj\u0119\u0107 z tych smakowitych zmaga\u0144 :). \u017ba\u0142ujcie, \u017ce nie mieli\u015bcie mo\u017cliwo\u015bci pokosztowa\u0107 tych pyszno\u015bci \ud83d\ude09&nbsp;<\/span><\/div>\n<div dir=\"auto\"><span style=\"color: #000000;\">Panu Krystianowi Szatce&nbsp; &#8211; dyrektorowi Centrum Kszta\u0142cenia Zawodowego i Ustawicznego w Gliwicach dzi\u0119kujemy za zaproszenie, a pracownikom zaanga\u017cowanym w organizacj\u0119 tego wspania\u0142ego konkursu, dzi\u0119kujemy za bardzo ciep\u0142e i \u017cyczliwe przyj\u0119cie. Do zobaczenia w przysz\u0142ym roku \ud83d\ude42<\/span><\/div>\n<div dir=\"auto\" style=\"text-align: right;\">\n<em>Joanna Magiera &#8211; pedagog szkolny<\/em><\/div>\n<div dir=\"auto\">ngg_shortcode_0_placeholder<\/div>\n","protected":false},"excerpt":{"rendered":"<p>W dniu 18.marca 2025 r. ch\u0119tne uczennice z kl. 8a wzi\u0119\u0142y udzia\u0142 w mi\u0119dzyszkolnym konkursie gastronomicznym dla uczni\u00f3w klas \u00f3smych szk\u00f3\u0142 podstawowych pt. &#8222;Mini Masterchef&#8221;, [&hellip;]<\/p>\n","protected":false},"author":3,"featured_media":16235,"comment_status":"closed","ping_status":"closed","sticky":false,"template":"","format":"standard","meta":{"ngg_post_thumbnail":0,"footnotes":""},"categories":[4],"tags":[],"class_list":["post-16234","post","type-post","status-publish","format-standard","has-post-thumbnail","hentry","category-aktualnosci"],"_links":{"self":[{"href":"https:\/\/www.sp11.gliwice.pl\/index.php?rest_route=\/wp\/v2\/posts\/16234","targetHints":{"allow":["GET"]}}],"collection":[{"href":"https:\/\/www.sp11.gliwice.pl\/index.php?rest_route=\/wp\/v2\/posts"}],"about":[{"href":"https:\/\/www.sp11.gliwice.pl\/index.php?rest_route=\/wp\/v2\/types\/post"}],"author":[{"embeddable":true,"href":"https:\/\/www.sp11.gliwice.pl\/index.php?rest_route=\/wp\/v2\/users\/3"}],"replies":[{"embeddable":true,"href":"https:\/\/www.sp11.gliwice.pl\/index.php?rest_route=%2Fwp%2Fv2%2Fcomments&post=16234"}],"version-history":[{"count":1,"href":"https:\/\/www.sp11.gliwice.pl\/index.php?rest_route=\/wp\/v2\/posts\/16234\/revisions"}],"predecessor-version":[{"id":16236,"href":"https:\/\/www.sp11.gliwice.pl\/index.php?rest_route=\/wp\/v2\/posts\/16234\/revisions\/16236"}],"wp:featuredmedia":[{"embeddable":true,"href":"https:\/\/www.sp11.gliwice.pl\/index.php?rest_route=\/wp\/v2\/media\/16235"}],"wp:attachment":[{"href":"https:\/\/www.sp11.gliwice.pl\/index.php?rest_route=%2Fwp%2Fv2%2Fmedia&parent=16234"}],"wp:term":[{"taxonomy":"category","embeddable":true,"href":"https:\/\/www.sp11.gliwice.pl\/index.php?rest_route=%2Fwp%2Fv2%2Fcategories&post=16234"},{"taxonomy":"post_tag","embeddable":true,"href":"https:\/\/www.sp11.gliwice.pl\/index.php?rest_route=%2Fwp%2Fv2%2Ftags&post=16234"}],"curies":[{"name":"wp","href":"https:\/\/api.w.org\/{rel}","templated":true}]}}