{"id":16225,"date":"2025-03-18T20:53:32","date_gmt":"2025-03-18T19:53:32","guid":{"rendered":"https:\/\/www.sp11.gliwice.pl\/?p=16225"},"modified":"2025-03-18T20:53:32","modified_gmt":"2025-03-18T19:53:32","slug":"swietlicowy-turniej-ligi-mistrzow","status":"publish","type":"post","link":"https:\/\/www.sp11.gliwice.pl\/?p=16225","title":{"rendered":"\u015awietlicowy Turniej Ligi Mistrz\u00f3w :)"},"content":{"rendered":"<div dir=\"auto\"><span style=\"color: #000000;\">W \u015bwietlicy szkolnej dzieci rozegra\u0142y Turniej Ligi mistrz\u00f3w w pi\u0142karzykach. \ud83d\ude42 <\/span><\/div>\n<div dir=\"auto\"><span style=\"color: #000000;\">&nbsp;Trzecie miejsce zaj\u0105\u0142 Antoni M\u0142odawski- Liverpool\ud83d\ude09<\/span><\/div>\n<div dir=\"auto\"><span style=\"color: #000000;\">A w wielkim finale Kuba \u017belazo Inter Mediolan pokona\u0142&nbsp; &#8211; Mateusza&nbsp; Kozin\u0119 Bayern Monachium 9:6 \u26bd\ufe0f\ud83e\udd45<\/span><\/div>\n<div dir=\"auto\"><span style=\"color: #000000;\">Ko\u0144cowa klasyfikacja turnieju Ligi Mistrz\u00f3w w sezonie 2024\/2025 na \u015bwietlicy w pi\u0142karzykach:<\/span><\/div>\n<div dir=\"auto\"><strong><span style=\"color: #000000;\">1. Kuba \u017belazo&nbsp;<\/span><\/strong><\/div>\n<div dir=\"auto\"><strong><span style=\"color: #000000;\">2. Mateusz Kozina&nbsp;<\/span><\/strong><\/div>\n<div dir=\"auto\"><strong><span style=\"color: #000000;\">3. Antoni M\u0142odawski<\/span><\/strong><\/div>\n<div dir=\"auto\"><span style=\"color: #000000;\">&nbsp;1. Inter Mediolan&nbsp;<\/span><\/div>\n<div dir=\"auto\"><span style=\"color: #000000;\">2. Bayern Monachium&nbsp;<\/span><\/div>\n<div dir=\"auto\"><span style=\"color: #000000;\">3. Liverpool<\/span><\/div>\n<div dir=\"auto\" style=\"text-align: right;\"><em>mgr Ernest Bartyzel<\/em><\/div>\n<div dir=\"auto\">ngg_shortcode_0_placeholder<\/div>\n","protected":false},"excerpt":{"rendered":"<p>W \u015bwietlicy szkolnej dzieci rozegra\u0142y Turniej Ligi mistrz\u00f3w w pi\u0142karzykach. \ud83d\ude42 &nbsp;Trzecie miejsce zaj\u0105\u0142 Antoni M\u0142odawski- Liverpool\ud83d\ude09 A w wielkim finale Kuba \u017belazo Inter Mediolan [&hellip;]<\/p>\n","protected":false},"author":3,"featured_media":16226,"comment_status":"closed","ping_status":"closed","sticky":false,"template":"","format":"standard","meta":{"ngg_post_thumbnail":0,"footnotes":""},"categories":[4],"tags":[],"class_list":["post-16225","post","type-post","status-publish","format-standard","has-post-thumbnail","hentry","category-aktualnosci"],"_links":{"self":[{"href":"https:\/\/www.sp11.gliwice.pl\/index.php?rest_route=\/wp\/v2\/posts\/16225","targetHints":{"allow":["GET"]}}],"collection":[{"href":"https:\/\/www.sp11.gliwice.pl\/index.php?rest_route=\/wp\/v2\/posts"}],"about":[{"href":"https:\/\/www.sp11.gliwice.pl\/index.php?rest_route=\/wp\/v2\/types\/post"}],"author":[{"embeddable":true,"href":"https:\/\/www.sp11.gliwice.pl\/index.php?rest_route=\/wp\/v2\/users\/3"}],"replies":[{"embeddable":true,"href":"https:\/\/www.sp11.gliwice.pl\/index.php?rest_route=%2Fwp%2Fv2%2Fcomments&post=16225"}],"version-history":[{"count":1,"href":"https:\/\/www.sp11.gliwice.pl\/index.php?rest_route=\/wp\/v2\/posts\/16225\/revisions"}],"predecessor-version":[{"id":16227,"href":"https:\/\/www.sp11.gliwice.pl\/index.php?rest_route=\/wp\/v2\/posts\/16225\/revisions\/16227"}],"wp:featuredmedia":[{"embeddable":true,"href":"https:\/\/www.sp11.gliwice.pl\/index.php?rest_route=\/wp\/v2\/media\/16226"}],"wp:attachment":[{"href":"https:\/\/www.sp11.gliwice.pl\/index.php?rest_route=%2Fwp%2Fv2%2Fmedia&parent=16225"}],"wp:term":[{"taxonomy":"category","embeddable":true,"href":"https:\/\/www.sp11.gliwice.pl\/index.php?rest_route=%2Fwp%2Fv2%2Fcategories&post=16225"},{"taxonomy":"post_tag","embeddable":true,"href":"https:\/\/www.sp11.gliwice.pl\/index.php?rest_route=%2Fwp%2Fv2%2Ftags&post=16225"}],"curies":[{"name":"wp","href":"https:\/\/api.w.org\/{rel}","templated":true}]}}