{"id":16222,"date":"2025-03-18T20:50:13","date_gmt":"2025-03-18T19:50:13","guid":{"rendered":"https:\/\/www.sp11.gliwice.pl\/?p=16222"},"modified":"2025-03-18T20:50:13","modified_gmt":"2025-03-18T19:50:13","slug":"maly-okr-2025","status":"publish","type":"post","link":"https:\/\/www.sp11.gliwice.pl\/?p=16222","title":{"rendered":"MA\u0141Y OKR 2025"},"content":{"rendered":"<p>&nbsp;&nbsp;&nbsp;&nbsp;&nbsp;&nbsp;<span style=\"color: #000000;\">&nbsp;&nbsp; Z olbrzymi\u0105 dum\u0105 i rado\u015bci\u0105 informujemy, \u017ce <strong>Hanna Szewczyk <\/strong>\u2013 uczennica kl. 8a naszej Szko\u0142y, zaj\u0119\u0142a <strong>2. miejsce<\/strong> w kategorii klas 7 &#8211; 8 w eliminacjach miejskich Og\u00f3lnopolskiego Konkursu Recytatorskiego MA\u0141Y OKR 2025, kt\u00f3ry odby\u0142 si\u0119 w dniu 17 marca 2025 r. na scenie teatralnej ,,Stara Kot\u0142ownia\u201d w M\u0142odzie\u017cowym Domu Kultury w Gliwicach. To wielkie osi\u0105gni\u0119cie Hani, zw\u0142aszcza, \u017ce Komisja Konkursowa zdecydowa\u0142a w tym roku zrezygnowa\u0107 z przyznania 1. miejsca w tej kategorii wiekowej.<\/span><\/p>\n<p><span style=\"color: #000000;\">&nbsp;&nbsp;&nbsp;&nbsp;&nbsp;&nbsp;&nbsp;&nbsp;&nbsp;&nbsp;&nbsp; Przypominamy, \u017ce dwa lata temu Hania reprezentowa\u0142a nasze miasto w Regionalnym Konkursie Recytatorskim MA\u0141Y OKR w Katowicach, zajmuj\u0105c w eliminacjach miejskich 1. miejsce w kategorii klas 4 \u2013 6.<\/span><\/p>\n<p><span style=\"color: #000000;\">&nbsp;&nbsp;&nbsp;&nbsp;&nbsp;&nbsp;&nbsp;&nbsp;&nbsp;&nbsp;&nbsp; W tym roku nasz\u0105 Szko\u0142\u0119 reprezentowa\u0142y r\u00f3wnie\u017c: Zuzanna Pyka z kl. 7a \u2013 w kategorii klasa 7 \u2013 8 oraz Zofia P\u0142oszczyca z kl. 4a i Kaja Zdeb z kl. 5a \u2013 w kategorii klas 4 \u2013 6.<\/span><\/p>\n<p><span style=\"color: #000000;\">&nbsp;&nbsp;&nbsp;&nbsp;&nbsp;&nbsp;&nbsp;&nbsp;&nbsp;&nbsp;&nbsp; Bardzo cieszymy si\u0119 z Waszego udzia\u0142u w konkursie i \u017cyczymy Wam sukces\u00f3w w przysz\u0142o\u015bci! \ud83d\ude42<br \/>\n<\/span><\/p>\nngg_shortcode_0_placeholder\n","protected":false},"excerpt":{"rendered":"<p>&nbsp;&nbsp;&nbsp;&nbsp;&nbsp;&nbsp;&nbsp;&nbsp; Z olbrzymi\u0105 dum\u0105 i rado\u015bci\u0105 informujemy, \u017ce Hanna Szewczyk \u2013 uczennica kl. 8a naszej Szko\u0142y, zaj\u0119\u0142a 2. miejsce w kategorii klas 7 &#8211; 8 [&hellip;]<\/p>\n","protected":false},"author":3,"featured_media":16223,"comment_status":"closed","ping_status":"closed","sticky":false,"template":"","format":"standard","meta":{"ngg_post_thumbnail":0,"footnotes":""},"categories":[4],"tags":[],"class_list":["post-16222","post","type-post","status-publish","format-standard","has-post-thumbnail","hentry","category-aktualnosci"],"_links":{"self":[{"href":"https:\/\/www.sp11.gliwice.pl\/index.php?rest_route=\/wp\/v2\/posts\/16222","targetHints":{"allow":["GET"]}}],"collection":[{"href":"https:\/\/www.sp11.gliwice.pl\/index.php?rest_route=\/wp\/v2\/posts"}],"about":[{"href":"https:\/\/www.sp11.gliwice.pl\/index.php?rest_route=\/wp\/v2\/types\/post"}],"author":[{"embeddable":true,"href":"https:\/\/www.sp11.gliwice.pl\/index.php?rest_route=\/wp\/v2\/users\/3"}],"replies":[{"embeddable":true,"href":"https:\/\/www.sp11.gliwice.pl\/index.php?rest_route=%2Fwp%2Fv2%2Fcomments&post=16222"}],"version-history":[{"count":1,"href":"https:\/\/www.sp11.gliwice.pl\/index.php?rest_route=\/wp\/v2\/posts\/16222\/revisions"}],"predecessor-version":[{"id":16224,"href":"https:\/\/www.sp11.gliwice.pl\/index.php?rest_route=\/wp\/v2\/posts\/16222\/revisions\/16224"}],"wp:featuredmedia":[{"embeddable":true,"href":"https:\/\/www.sp11.gliwice.pl\/index.php?rest_route=\/wp\/v2\/media\/16223"}],"wp:attachment":[{"href":"https:\/\/www.sp11.gliwice.pl\/index.php?rest_route=%2Fwp%2Fv2%2Fmedia&parent=16222"}],"wp:term":[{"taxonomy":"category","embeddable":true,"href":"https:\/\/www.sp11.gliwice.pl\/index.php?rest_route=%2Fwp%2Fv2%2Fcategories&post=16222"},{"taxonomy":"post_tag","embeddable":true,"href":"https:\/\/www.sp11.gliwice.pl\/index.php?rest_route=%2Fwp%2Fv2%2Ftags&post=16222"}],"curies":[{"name":"wp","href":"https:\/\/api.w.org\/{rel}","templated":true}]}}