{"id":16184,"date":"2025-03-17T08:34:01","date_gmt":"2025-03-17T07:34:01","guid":{"rendered":"https:\/\/www.sp11.gliwice.pl\/?p=16184"},"modified":"2025-03-17T08:34:01","modified_gmt":"2025-03-17T07:34:01","slug":"z-kluska-slaska-w-starej-izbie","status":"publish","type":"post","link":"https:\/\/www.sp11.gliwice.pl\/?p=16184","title":{"rendered":"\u201eZ Klusk\u0105 \u015al\u0105sk\u0105 w Starej Izbie\u201d"},"content":{"rendered":"<p><span style=\"color: #000000;\">6 marca 2025 roku w podziemiach naszej Szko\u0142y odby\u0142 si\u0119 d\u0142ugo wyczekiwany premierowy pokaz filmu \u201eZ Klusk\u0105 \u015al\u0105sk\u0105 w Starej Izbie\u201d, kt\u00f3ry zosta\u0142 przygotowany przez uczestnik\u00f3w Szkolnego Ko\u0142a Teatralnego pod opiek\u0105 Pani Jolanty Lisowskiej oraz Pani Emilii Wilk-Krzy\u017cowskiej.&nbsp;<\/span><\/p>\n<p><span style=\"color: #000000;\">&nbsp;&nbsp;&nbsp;&nbsp;&nbsp;&nbsp;&nbsp;&nbsp;&nbsp;&nbsp;&nbsp; Dyrekcja, Nauczyciele oraz Uczniowie mogli podziwia\u0107 fantastyczne efekty pracy naszych wspania\u0142ych Aktor\u00f3w. Uczestnicy pokazu mieli r\u00f3wnie\u017c mo\u017cliwo\u015b\u0107 zwiedzenia Starej Izby im. Jolanty Lisowskiej oraz zobaczenia przedmiot\u00f3w, kt\u00f3re pojawi\u0142y si\u0119 w projekcji filmowej.<\/span><\/p>\n<p><span style=\"color: #000000;\">Serdecznie zapraszamy wszystkich zainteresowanych do Starej Izby w ka\u017cd\u0105 \u015brod\u0119 w godzinach od 15<sup>30<\/sup>-17<sup>00<\/sup>.<\/span><\/p>\n<p style=\"text-align: right;\">&nbsp;<em>dr Emilia Wilk-Krzy\u017cowska<br \/>\n<\/em><em>mgr Jolanta Lisowska<\/em><\/p>\nngg_shortcode_0_placeholder\n<p>&nbsp;<\/p>\n<p><iframe title=\"Z Klusk\u0105 \u015al\u0105sk\u0105 w Starej Izbie\" width=\"640\" height=\"360\" src=\"https:\/\/www.youtube.com\/embed\/NHuJJt8FRXc?feature=oembed\" frameborder=\"0\" allow=\"accelerometer; autoplay; clipboard-write; encrypted-media; gyroscope; picture-in-picture; web-share\" referrerpolicy=\"strict-origin-when-cross-origin\" allowfullscreen><\/iframe><\/p>\n","protected":false},"excerpt":{"rendered":"<p>6 marca 2025 roku w podziemiach naszej Szko\u0142y odby\u0142 si\u0119 d\u0142ugo wyczekiwany premierowy pokaz filmu \u201eZ Klusk\u0105 \u015al\u0105sk\u0105 w Starej Izbie\u201d, kt\u00f3ry zosta\u0142 przygotowany przez [&hellip;]<\/p>\n","protected":false},"author":3,"featured_media":16185,"comment_status":"closed","ping_status":"closed","sticky":false,"template":"","format":"standard","meta":{"ngg_post_thumbnail":0,"footnotes":""},"categories":[4],"tags":[],"class_list":["post-16184","post","type-post","status-publish","format-standard","has-post-thumbnail","hentry","category-aktualnosci"],"_links":{"self":[{"href":"https:\/\/www.sp11.gliwice.pl\/index.php?rest_route=\/wp\/v2\/posts\/16184","targetHints":{"allow":["GET"]}}],"collection":[{"href":"https:\/\/www.sp11.gliwice.pl\/index.php?rest_route=\/wp\/v2\/posts"}],"about":[{"href":"https:\/\/www.sp11.gliwice.pl\/index.php?rest_route=\/wp\/v2\/types\/post"}],"author":[{"embeddable":true,"href":"https:\/\/www.sp11.gliwice.pl\/index.php?rest_route=\/wp\/v2\/users\/3"}],"replies":[{"embeddable":true,"href":"https:\/\/www.sp11.gliwice.pl\/index.php?rest_route=%2Fwp%2Fv2%2Fcomments&post=16184"}],"version-history":[{"count":1,"href":"https:\/\/www.sp11.gliwice.pl\/index.php?rest_route=\/wp\/v2\/posts\/16184\/revisions"}],"predecessor-version":[{"id":16186,"href":"https:\/\/www.sp11.gliwice.pl\/index.php?rest_route=\/wp\/v2\/posts\/16184\/revisions\/16186"}],"wp:featuredmedia":[{"embeddable":true,"href":"https:\/\/www.sp11.gliwice.pl\/index.php?rest_route=\/wp\/v2\/media\/16185"}],"wp:attachment":[{"href":"https:\/\/www.sp11.gliwice.pl\/index.php?rest_route=%2Fwp%2Fv2%2Fmedia&parent=16184"}],"wp:term":[{"taxonomy":"category","embeddable":true,"href":"https:\/\/www.sp11.gliwice.pl\/index.php?rest_route=%2Fwp%2Fv2%2Fcategories&post=16184"},{"taxonomy":"post_tag","embeddable":true,"href":"https:\/\/www.sp11.gliwice.pl\/index.php?rest_route=%2Fwp%2Fv2%2Ftags&post=16184"}],"curies":[{"name":"wp","href":"https:\/\/api.w.org\/{rel}","templated":true}]}}