{"id":16166,"date":"2025-03-16T22:35:49","date_gmt":"2025-03-16T21:35:49","guid":{"rendered":"https:\/\/www.sp11.gliwice.pl\/?p=16166"},"modified":"2025-03-16T22:35:49","modified_gmt":"2025-03-16T21:35:49","slug":"dzien-otwarty-w-gornoslaskim-centrum-edukacyjnym-im-marii-sklodowskiej-curie-w-gliwicach","status":"publish","type":"post","link":"https:\/\/www.sp11.gliwice.pl\/?p=16166","title":{"rendered":"DZIE\u0143 OTWARTY W G\u00d3RNO\u015aL\u0104SKIM CENTRUM EDUKACYJNYM IM. MARII SK\u0141ODOWSKIEJ-CURIE W GLIWICACH"},"content":{"rendered":"<p><span style=\"color: #000000;\">W dniu 13.03.2025 r. uczniowie klasy \u00f3smej, pod opiek\u0105 pedagoga specjalnego i pedagoga szkolnego wzi\u0119li udzia\u0142 w Dniu Otwartym w<\/span><br \/>\n<span style=\"color: #000000;\">jednej z pr\u0119\u017cnie rozwijaj\u0105cych si\u0119 gliwickich szk\u00f3\u0142 ponadpodstawowych. W planie zwiedzania szko\u0142y znalaz\u0142y si\u0119 pracownie szkolne &#8211; fryzjerska, robotyki, automatyki mechatroniczna, laboratorium chemiczne. Przedstawiciele szko\u0142y opowiadali uczniom o zawodach, kt\u00f3re znajduj\u0105 si\u0119 w ofercie edukacyjnej na rok szkolny 2025\/2026. Zwiedzaniu towarzyszy\u0142y chwile relaksacji &#8211; gry edukacyjne, mi\u0119dzyszkolne, rozwijaj\u0105ce kreatywno\u015b\u0107, wyst\u0119py muzyczne na \u017cywo, s\u0142odki pocz\u0119stunek. Jak wida\u0107, zaj\u0119cia z doradztwa zawodowego z powodzeniem mog\u0105 si\u0119 odbywa\u0107 w formach pozalekcyjnych. Pani Bogumile Kluszczy\u0144skiej &#8211; dyrektorowi szko\u0142y dzi\u0119kujemy za zaproszenie, a pracownikom szko\u0142y za bardzo ciep\u0142e przyj\u0119cie i wielk\u0105 otwarto\u015b\u0107 na potrzeby naszych uczni\u00f3w.<\/span><\/p>\n<p style=\"text-align: right;\"><em>Joanna Magiera &#8211; pedagog szkolny<\/em><br \/>\n<em>Agnieszka Zwoli\u0144ska &#8211; pedagog specjalny<\/em><\/p>\nngg_shortcode_0_placeholder\n","protected":false},"excerpt":{"rendered":"<p>W dniu 13.03.2025 r. uczniowie klasy \u00f3smej, pod opiek\u0105 pedagoga specjalnego i pedagoga szkolnego wzi\u0119li udzia\u0142 w Dniu Otwartym w jednej z pr\u0119\u017cnie rozwijaj\u0105cych si\u0119 [&hellip;]<\/p>\n","protected":false},"author":3,"featured_media":16167,"comment_status":"closed","ping_status":"closed","sticky":false,"template":"","format":"standard","meta":{"ngg_post_thumbnail":0,"footnotes":""},"categories":[4],"tags":[],"class_list":["post-16166","post","type-post","status-publish","format-standard","has-post-thumbnail","hentry","category-aktualnosci"],"_links":{"self":[{"href":"https:\/\/www.sp11.gliwice.pl\/index.php?rest_route=\/wp\/v2\/posts\/16166","targetHints":{"allow":["GET"]}}],"collection":[{"href":"https:\/\/www.sp11.gliwice.pl\/index.php?rest_route=\/wp\/v2\/posts"}],"about":[{"href":"https:\/\/www.sp11.gliwice.pl\/index.php?rest_route=\/wp\/v2\/types\/post"}],"author":[{"embeddable":true,"href":"https:\/\/www.sp11.gliwice.pl\/index.php?rest_route=\/wp\/v2\/users\/3"}],"replies":[{"embeddable":true,"href":"https:\/\/www.sp11.gliwice.pl\/index.php?rest_route=%2Fwp%2Fv2%2Fcomments&post=16166"}],"version-history":[{"count":1,"href":"https:\/\/www.sp11.gliwice.pl\/index.php?rest_route=\/wp\/v2\/posts\/16166\/revisions"}],"predecessor-version":[{"id":16168,"href":"https:\/\/www.sp11.gliwice.pl\/index.php?rest_route=\/wp\/v2\/posts\/16166\/revisions\/16168"}],"wp:featuredmedia":[{"embeddable":true,"href":"https:\/\/www.sp11.gliwice.pl\/index.php?rest_route=\/wp\/v2\/media\/16167"}],"wp:attachment":[{"href":"https:\/\/www.sp11.gliwice.pl\/index.php?rest_route=%2Fwp%2Fv2%2Fmedia&parent=16166"}],"wp:term":[{"taxonomy":"category","embeddable":true,"href":"https:\/\/www.sp11.gliwice.pl\/index.php?rest_route=%2Fwp%2Fv2%2Fcategories&post=16166"},{"taxonomy":"post_tag","embeddable":true,"href":"https:\/\/www.sp11.gliwice.pl\/index.php?rest_route=%2Fwp%2Fv2%2Ftags&post=16166"}],"curies":[{"name":"wp","href":"https:\/\/api.w.org\/{rel}","templated":true}]}}