{"id":16145,"date":"2025-03-11T10:24:11","date_gmt":"2025-03-11T09:24:11","guid":{"rendered":"https:\/\/www.sp11.gliwice.pl\/?p=16145"},"modified":"2025-03-12T08:15:18","modified_gmt":"2025-03-12T07:15:18","slug":"dzien-kobiet-w-przeszkolu","status":"publish","type":"post","link":"https:\/\/www.sp11.gliwice.pl\/?p=16145","title":{"rendered":"Dzie\u0144 Kobiet w przedszkolu"},"content":{"rendered":"<p><span style=\"color: #000000;\">Dzie\u0144 kobiet, to wyj\u0105tkowy dzie\u0144, wa\u017cny dla wszystkich kobiet, zar\u00f3wno dla tych du\u017cych, jak i ma\u0142ych. Ch\u0142opcy w tym szczeg\u00f3lnym dniu z\u0142o\u017cyli kole\u017cankom serdecznie \u017cyczenia, od\u015bpiewali uroczyste \ud83d\udcaf lat! Zako\u0144czeniem dnia by\u0142y s\u0142odko\u015bci i wr\u0119czenie upomink\u00f3w dla dziewczynek!\u263a\ufe0f<\/span><\/p>\n<p style=\"text-align: right;\"><em>mgr Cecylia Pierzcha\u0142a<\/em><\/p>\nngg_shortcode_0_placeholder\n","protected":false},"excerpt":{"rendered":"<p>Dzie\u0144 kobiet, to wyj\u0105tkowy dzie\u0144, wa\u017cny dla wszystkich kobiet, zar\u00f3wno dla tych du\u017cych, jak i ma\u0142ych. Ch\u0142opcy w tym szczeg\u00f3lnym dniu z\u0142o\u017cyli kole\u017cankom serdecznie \u017cyczenia, [&hellip;]<\/p>\n","protected":false},"author":3,"featured_media":16146,"comment_status":"closed","ping_status":"closed","sticky":false,"template":"","format":"standard","meta":{"ngg_post_thumbnail":0,"footnotes":""},"categories":[4],"tags":[],"class_list":["post-16145","post","type-post","status-publish","format-standard","has-post-thumbnail","hentry","category-aktualnosci"],"_links":{"self":[{"href":"https:\/\/www.sp11.gliwice.pl\/index.php?rest_route=\/wp\/v2\/posts\/16145","targetHints":{"allow":["GET"]}}],"collection":[{"href":"https:\/\/www.sp11.gliwice.pl\/index.php?rest_route=\/wp\/v2\/posts"}],"about":[{"href":"https:\/\/www.sp11.gliwice.pl\/index.php?rest_route=\/wp\/v2\/types\/post"}],"author":[{"embeddable":true,"href":"https:\/\/www.sp11.gliwice.pl\/index.php?rest_route=\/wp\/v2\/users\/3"}],"replies":[{"embeddable":true,"href":"https:\/\/www.sp11.gliwice.pl\/index.php?rest_route=%2Fwp%2Fv2%2Fcomments&post=16145"}],"version-history":[{"count":2,"href":"https:\/\/www.sp11.gliwice.pl\/index.php?rest_route=\/wp\/v2\/posts\/16145\/revisions"}],"predecessor-version":[{"id":16153,"href":"https:\/\/www.sp11.gliwice.pl\/index.php?rest_route=\/wp\/v2\/posts\/16145\/revisions\/16153"}],"wp:featuredmedia":[{"embeddable":true,"href":"https:\/\/www.sp11.gliwice.pl\/index.php?rest_route=\/wp\/v2\/media\/16146"}],"wp:attachment":[{"href":"https:\/\/www.sp11.gliwice.pl\/index.php?rest_route=%2Fwp%2Fv2%2Fmedia&parent=16145"}],"wp:term":[{"taxonomy":"category","embeddable":true,"href":"https:\/\/www.sp11.gliwice.pl\/index.php?rest_route=%2Fwp%2Fv2%2Fcategories&post=16145"},{"taxonomy":"post_tag","embeddable":true,"href":"https:\/\/www.sp11.gliwice.pl\/index.php?rest_route=%2Fwp%2Fv2%2Ftags&post=16145"}],"curies":[{"name":"wp","href":"https:\/\/api.w.org\/{rel}","templated":true}]}}