{"id":16130,"date":"2025-03-09T19:54:41","date_gmt":"2025-03-09T18:54:41","guid":{"rendered":"https:\/\/www.sp11.gliwice.pl\/?p=16130"},"modified":"2025-03-09T19:54:41","modified_gmt":"2025-03-09T18:54:41","slug":"warsztaty-psychoedukacyjne-w-sp-11","status":"publish","type":"post","link":"https:\/\/www.sp11.gliwice.pl\/?p=16130","title":{"rendered":"WARSZTATY PSYCHOEDUKACYJNE W SP 11"},"content":{"rendered":"<div dir=\"auto\"><span style=\"color: #000000;\">W dniu 07.03.2025 r. specjali\u015bci Poradni Psychologiczno -Pedagogicznej w Gliwicach po raz kolejny odwiedzili nasz\u0105 szko\u0142\u0119. Pedagodzy przeprowadzili zaj\u0119cia w kl. 5a na temat &#8222;Radzenia sobie ze z\u0142o\u015bci\u0105&#8221;. Natomiast w kl. 7a zosta\u0142 podj\u0119ty temat zdrowia oraz \u015brodk\u00f3w uzale\u017cniaj\u0105cych &#8211; realizacja programu &#8222;Odlot&#8221;. Dzi\u0119kujemy pani W.Paczuskiej i p.E.Wystep-Kolago za wsp\u00f3\u0142prac\u0119 i zapraszamy ponownie do Jedenastki \ud83d\ude42<\/span><\/div>\n<div dir=\"auto\">&nbsp;<\/div>\n<div dir=\"auto\" style=\"text-align: right;\"><em>Joanna Magiera &#8211; pedagog szkolny<\/em><\/div>\n<div dir=\"auto\">ngg_shortcode_0_placeholder<\/div>\n","protected":false},"excerpt":{"rendered":"<p>W dniu 07.03.2025 r. specjali\u015bci Poradni Psychologiczno -Pedagogicznej w Gliwicach po raz kolejny odwiedzili nasz\u0105 szko\u0142\u0119. Pedagodzy przeprowadzili zaj\u0119cia w kl. 5a na temat &#8222;Radzenia [&hellip;]<\/p>\n","protected":false},"author":3,"featured_media":16131,"comment_status":"closed","ping_status":"closed","sticky":false,"template":"","format":"standard","meta":{"ngg_post_thumbnail":0,"footnotes":""},"categories":[4],"tags":[],"class_list":["post-16130","post","type-post","status-publish","format-standard","has-post-thumbnail","hentry","category-aktualnosci"],"_links":{"self":[{"href":"https:\/\/www.sp11.gliwice.pl\/index.php?rest_route=\/wp\/v2\/posts\/16130","targetHints":{"allow":["GET"]}}],"collection":[{"href":"https:\/\/www.sp11.gliwice.pl\/index.php?rest_route=\/wp\/v2\/posts"}],"about":[{"href":"https:\/\/www.sp11.gliwice.pl\/index.php?rest_route=\/wp\/v2\/types\/post"}],"author":[{"embeddable":true,"href":"https:\/\/www.sp11.gliwice.pl\/index.php?rest_route=\/wp\/v2\/users\/3"}],"replies":[{"embeddable":true,"href":"https:\/\/www.sp11.gliwice.pl\/index.php?rest_route=%2Fwp%2Fv2%2Fcomments&post=16130"}],"version-history":[{"count":1,"href":"https:\/\/www.sp11.gliwice.pl\/index.php?rest_route=\/wp\/v2\/posts\/16130\/revisions"}],"predecessor-version":[{"id":16132,"href":"https:\/\/www.sp11.gliwice.pl\/index.php?rest_route=\/wp\/v2\/posts\/16130\/revisions\/16132"}],"wp:featuredmedia":[{"embeddable":true,"href":"https:\/\/www.sp11.gliwice.pl\/index.php?rest_route=\/wp\/v2\/media\/16131"}],"wp:attachment":[{"href":"https:\/\/www.sp11.gliwice.pl\/index.php?rest_route=%2Fwp%2Fv2%2Fmedia&parent=16130"}],"wp:term":[{"taxonomy":"category","embeddable":true,"href":"https:\/\/www.sp11.gliwice.pl\/index.php?rest_route=%2Fwp%2Fv2%2Fcategories&post=16130"},{"taxonomy":"post_tag","embeddable":true,"href":"https:\/\/www.sp11.gliwice.pl\/index.php?rest_route=%2Fwp%2Fv2%2Ftags&post=16130"}],"curies":[{"name":"wp","href":"https:\/\/api.w.org\/{rel}","templated":true}]}}