{"id":16092,"date":"2025-03-07T08:58:31","date_gmt":"2025-03-07T07:58:31","guid":{"rendered":"https:\/\/www.sp11.gliwice.pl\/?p=16092"},"modified":"2025-03-07T08:58:31","modified_gmt":"2025-03-07T07:58:31","slug":"laureatka-veronica","status":"publish","type":"post","link":"https:\/\/www.sp11.gliwice.pl\/?p=16092","title":{"rendered":"Laureatka Veronica :)"},"content":{"rendered":"<p><span style=\"color: #000000;\">Uczennica z klasy 3b <strong>Veronica Prymas<\/strong><\/span><\/p>\n<p><span style=\"color: #000000;\">w mi\u0119dzyszkolnym konkursie plastycznym ,, ZIMA W OCZACH DZIECKA\u201d ,zorganizowanym przez Szko\u0142\u0119 Podstawow\u0105 nr 8 w Gliwicach zaj\u0119\u0142a <strong><span style=\"color: #ff0000;\">3 miejsce.<\/span><\/strong> Gratulujemy \ud83d\ude42<\/span><\/p>\nngg_shortcode_0_placeholder\n","protected":false},"excerpt":{"rendered":"<p>Uczennica z klasy 3b Veronica Prymas w mi\u0119dzyszkolnym konkursie plastycznym ,, ZIMA W OCZACH DZIECKA\u201d ,zorganizowanym przez Szko\u0142\u0119 Podstawow\u0105 nr 8 w Gliwicach zaj\u0119\u0142a 3 [&hellip;]<\/p>\n","protected":false},"author":3,"featured_media":16093,"comment_status":"closed","ping_status":"closed","sticky":false,"template":"","format":"standard","meta":{"ngg_post_thumbnail":0,"footnotes":""},"categories":[4],"tags":[],"class_list":["post-16092","post","type-post","status-publish","format-standard","has-post-thumbnail","hentry","category-aktualnosci"],"_links":{"self":[{"href":"https:\/\/www.sp11.gliwice.pl\/index.php?rest_route=\/wp\/v2\/posts\/16092","targetHints":{"allow":["GET"]}}],"collection":[{"href":"https:\/\/www.sp11.gliwice.pl\/index.php?rest_route=\/wp\/v2\/posts"}],"about":[{"href":"https:\/\/www.sp11.gliwice.pl\/index.php?rest_route=\/wp\/v2\/types\/post"}],"author":[{"embeddable":true,"href":"https:\/\/www.sp11.gliwice.pl\/index.php?rest_route=\/wp\/v2\/users\/3"}],"replies":[{"embeddable":true,"href":"https:\/\/www.sp11.gliwice.pl\/index.php?rest_route=%2Fwp%2Fv2%2Fcomments&post=16092"}],"version-history":[{"count":1,"href":"https:\/\/www.sp11.gliwice.pl\/index.php?rest_route=\/wp\/v2\/posts\/16092\/revisions"}],"predecessor-version":[{"id":16094,"href":"https:\/\/www.sp11.gliwice.pl\/index.php?rest_route=\/wp\/v2\/posts\/16092\/revisions\/16094"}],"wp:featuredmedia":[{"embeddable":true,"href":"https:\/\/www.sp11.gliwice.pl\/index.php?rest_route=\/wp\/v2\/media\/16093"}],"wp:attachment":[{"href":"https:\/\/www.sp11.gliwice.pl\/index.php?rest_route=%2Fwp%2Fv2%2Fmedia&parent=16092"}],"wp:term":[{"taxonomy":"category","embeddable":true,"href":"https:\/\/www.sp11.gliwice.pl\/index.php?rest_route=%2Fwp%2Fv2%2Fcategories&post=16092"},{"taxonomy":"post_tag","embeddable":true,"href":"https:\/\/www.sp11.gliwice.pl\/index.php?rest_route=%2Fwp%2Fv2%2Ftags&post=16092"}],"curies":[{"name":"wp","href":"https:\/\/api.w.org\/{rel}","templated":true}]}}