{"id":16024,"date":"2025-03-05T12:28:48","date_gmt":"2025-03-05T11:28:48","guid":{"rendered":"https:\/\/www.sp11.gliwice.pl\/?p=16024"},"modified":"2025-03-05T12:28:48","modified_gmt":"2025-03-05T11:28:48","slug":"wyjazd-klasy-8-do-miejsca-pamieci-auschwitz-birkenau","status":"publish","type":"post","link":"https:\/\/www.sp11.gliwice.pl\/?p=16024","title":{"rendered":"Wyjazd klasy 8 do Miejsca Pami\u0119ci Auschwitz-Birkenau"},"content":{"rendered":"<p>&nbsp; <span style=\"color: #000000;\">4 marca klasa 8, pod opiek\u0105 nauczycieli, odwiedzi\u0142a pomnik jednego z najwi\u0119kszych ludob\u00f3jstw w historii \u015bwiata, pomnik niezwyk\u0142y, bo olbrzymi teren z kompleksem budynk\u00f3w by\u0142ego niemieckiego nazistowskiego obozu koncentracyjnego i zag\u0142ady Auschwitz-Birkenau.<\/span><\/p>\n<p><span style=\"color: #000000;\">&nbsp;&nbsp;&nbsp;&nbsp;&nbsp;&nbsp;&nbsp;&nbsp;&nbsp;&nbsp;&nbsp; W zupe\u0142nej ciszy, skupieniu i zadumie ws\u0142uchiwali\u015bmy si\u0119 w poruszaj\u0105c\u0105 opowie\u015b\u0107 przewodnika, kt\u00f3ry przedstawi\u0142 nam histori\u0119 obozu, opowiedzia\u0142 o kategoriach i oznaczeniach wi\u0119\u017ani\u00f3w, liczbie ofiar, dramatycznej sytuacji uwi\u0119zionych dzieci, pseudomedycznych eksperymentach, karach i egzekucjach, a tak\u017ce o ewakuacji i wyzwoleniu obozu.<\/span><\/p>\n<p><span style=\"color: #000000;\">&nbsp;&nbsp;&nbsp;&nbsp;&nbsp;&nbsp;&nbsp;&nbsp;&nbsp;&nbsp;&nbsp; Na w\u0142asne oczy zobaczyli\u015bmy warunki, w jakich \u017cyli wi\u0119\u017aniowie, wi\u0119zienne baraki, komory gazowe, pozosta\u0142o\u015bci krematori\u00f3w. Udali\u015bmy si\u0119 te\u017c pod cel\u0119, w kt\u00f3rej \u015bw. Maksymilian Kolbe dobrowolnie odda\u0142 \u017cycie za wsp\u00f3\u0142wi\u0119\u017ania &#8211; Franciszka Gajowniczka.<\/span><\/p>\n<p><span style=\"color: #000000;\">&nbsp;&nbsp;&nbsp;&nbsp;&nbsp;&nbsp;&nbsp;&nbsp;&nbsp;&nbsp;&nbsp; Odwiedzone miejsca, eksponaty muzealne oraz multimedialne ekspozycje dostarczy\u0142y nam niezwyk\u0142ych prze\u017cy\u0107 i wra\u017ce\u0144, pozostawiaj\u0105c niezatarte wspomnienia.<\/span><\/p>\n<p><span style=\"color: #000000;\">&nbsp;&nbsp;&nbsp;&nbsp;&nbsp;&nbsp;&nbsp;&nbsp;&nbsp;&nbsp;&nbsp; Przej\u015bcie przez autentyczny teren nazistowskiego obozu koncentracyjnego i zag\u0142ady by\u0142o nie tylko cenn\u0105 lekcj\u0105 historii, ale tak\u017ce wa\u017cnym, osobistym do\u015bwiadczeniem, kt\u00f3re niew\u0105tpliwie na d\u0142ugo pozostanie w naszej pami\u0119ci.<\/span><\/p>\n<p><span style=\"color: #000000;\">&nbsp;&nbsp;&nbsp;&nbsp;&nbsp;&nbsp;&nbsp;&nbsp;&nbsp;&nbsp;&nbsp; Mimo up\u0142ywu lat nie wolno zapomina\u0107 o przekazywaniu prawdy o barbarzy\u0144skich czynach, nieludzkich zachowaniach i olbrzymim okrucie\u0144stwie cz\u0142owieka wobec cz\u0142owieka. <em>\u201eKto nie pami\u0119ta historii, skazany jest na jej ponowne prze\u017cycie\u201d (George Santayana), dlatego <\/em><em>pami\u0119tajmy<br \/>\n<\/em><em>o tym, co by\u0142o i m<\/em>iejmy nadziej\u0119, \u017ce ju\u017c nigdy nie dojdzie do tak wielkiej zag\u0142ady ludno\u015bci, jak podczas drugiej wojny \u015bwiatowej.<\/span><\/p>\n<p style=\"text-align: right;\"><em>mgr Izabella Jureczko<\/em><\/p>\nngg_shortcode_0_placeholder\n<p>&nbsp;<\/p>\n<p>Izabella Jureczko<\/p>\n","protected":false},"excerpt":{"rendered":"<p>&nbsp; 4 marca klasa 8, pod opiek\u0105 nauczycieli, odwiedzi\u0142a pomnik jednego z najwi\u0119kszych ludob\u00f3jstw w historii \u015bwiata, pomnik niezwyk\u0142y, bo olbrzymi teren z kompleksem budynk\u00f3w [&hellip;]<\/p>\n","protected":false},"author":3,"featured_media":16025,"comment_status":"closed","ping_status":"closed","sticky":false,"template":"","format":"standard","meta":{"ngg_post_thumbnail":0,"footnotes":""},"categories":[4],"tags":[],"class_list":["post-16024","post","type-post","status-publish","format-standard","has-post-thumbnail","hentry","category-aktualnosci"],"_links":{"self":[{"href":"https:\/\/www.sp11.gliwice.pl\/index.php?rest_route=\/wp\/v2\/posts\/16024","targetHints":{"allow":["GET"]}}],"collection":[{"href":"https:\/\/www.sp11.gliwice.pl\/index.php?rest_route=\/wp\/v2\/posts"}],"about":[{"href":"https:\/\/www.sp11.gliwice.pl\/index.php?rest_route=\/wp\/v2\/types\/post"}],"author":[{"embeddable":true,"href":"https:\/\/www.sp11.gliwice.pl\/index.php?rest_route=\/wp\/v2\/users\/3"}],"replies":[{"embeddable":true,"href":"https:\/\/www.sp11.gliwice.pl\/index.php?rest_route=%2Fwp%2Fv2%2Fcomments&post=16024"}],"version-history":[{"count":1,"href":"https:\/\/www.sp11.gliwice.pl\/index.php?rest_route=\/wp\/v2\/posts\/16024\/revisions"}],"predecessor-version":[{"id":16026,"href":"https:\/\/www.sp11.gliwice.pl\/index.php?rest_route=\/wp\/v2\/posts\/16024\/revisions\/16026"}],"wp:featuredmedia":[{"embeddable":true,"href":"https:\/\/www.sp11.gliwice.pl\/index.php?rest_route=\/wp\/v2\/media\/16025"}],"wp:attachment":[{"href":"https:\/\/www.sp11.gliwice.pl\/index.php?rest_route=%2Fwp%2Fv2%2Fmedia&parent=16024"}],"wp:term":[{"taxonomy":"category","embeddable":true,"href":"https:\/\/www.sp11.gliwice.pl\/index.php?rest_route=%2Fwp%2Fv2%2Fcategories&post=16024"},{"taxonomy":"post_tag","embeddable":true,"href":"https:\/\/www.sp11.gliwice.pl\/index.php?rest_route=%2Fwp%2Fv2%2Ftags&post=16024"}],"curies":[{"name":"wp","href":"https:\/\/api.w.org\/{rel}","templated":true}]}}