{"id":16013,"date":"2025-03-02T19:17:46","date_gmt":"2025-03-02T18:17:46","guid":{"rendered":"https:\/\/www.sp11.gliwice.pl\/?p=16013"},"modified":"2025-03-02T19:17:46","modified_gmt":"2025-03-02T18:17:46","slug":"tlusty-czwartek-w-przedszkolu-2","status":"publish","type":"post","link":"https:\/\/www.sp11.gliwice.pl\/?p=16013","title":{"rendered":"T\u0142usty Czwartek w przedszkolu :)"},"content":{"rendered":"<p><span style=\"color: #000000;\">27.02. &#8211; jeden z &#8221; najsmaczniejszych&#8221; dni w roku. Od rana wsz\u0119dzie unosi\u0142 si\u0119 s\u0142odki zapach, oczywi\u015bcie za spraw\u0105 p\u0105czk\u00f3w, fawork\u00f3w&#8230; Nie inaczej by\u0142o w naszym przedszkolu. Dzieci obejrza\u0142y prezentacj\u0119, pozna\u0142y histori\u0119 produkcji p\u0105czk\u00f3w, ich r\u00f3\u017cne rodzaje i smaki. Zwie\u0144czeniem dnia by\u0142o wykonanie prac plastycznych i oczywi\u015bcie&#8230; degustacja pysznych p\u0105czk\u00f3w! Dzi\u0119kujemy Paniom z kuchni za ich przygotowanie. \ud83d\ude42<br \/>\n<\/span><\/p>\n<p style=\"text-align: right;\"><em>mgr Cecylia Pierzcha\u0142a<\/em><\/p>\nngg_shortcode_0_placeholder\n","protected":false},"excerpt":{"rendered":"<p>27.02. &#8211; jeden z &#8221; najsmaczniejszych&#8221; dni w roku. Od rana wsz\u0119dzie unosi\u0142 si\u0119 s\u0142odki zapach, oczywi\u015bcie za spraw\u0105 p\u0105czk\u00f3w, fawork\u00f3w&#8230; Nie inaczej by\u0142o w [&hellip;]<\/p>\n","protected":false},"author":3,"featured_media":16014,"comment_status":"closed","ping_status":"closed","sticky":false,"template":"","format":"standard","meta":{"ngg_post_thumbnail":0,"footnotes":""},"categories":[4],"tags":[],"class_list":["post-16013","post","type-post","status-publish","format-standard","has-post-thumbnail","hentry","category-aktualnosci"],"_links":{"self":[{"href":"https:\/\/www.sp11.gliwice.pl\/index.php?rest_route=\/wp\/v2\/posts\/16013","targetHints":{"allow":["GET"]}}],"collection":[{"href":"https:\/\/www.sp11.gliwice.pl\/index.php?rest_route=\/wp\/v2\/posts"}],"about":[{"href":"https:\/\/www.sp11.gliwice.pl\/index.php?rest_route=\/wp\/v2\/types\/post"}],"author":[{"embeddable":true,"href":"https:\/\/www.sp11.gliwice.pl\/index.php?rest_route=\/wp\/v2\/users\/3"}],"replies":[{"embeddable":true,"href":"https:\/\/www.sp11.gliwice.pl\/index.php?rest_route=%2Fwp%2Fv2%2Fcomments&post=16013"}],"version-history":[{"count":1,"href":"https:\/\/www.sp11.gliwice.pl\/index.php?rest_route=\/wp\/v2\/posts\/16013\/revisions"}],"predecessor-version":[{"id":16015,"href":"https:\/\/www.sp11.gliwice.pl\/index.php?rest_route=\/wp\/v2\/posts\/16013\/revisions\/16015"}],"wp:featuredmedia":[{"embeddable":true,"href":"https:\/\/www.sp11.gliwice.pl\/index.php?rest_route=\/wp\/v2\/media\/16014"}],"wp:attachment":[{"href":"https:\/\/www.sp11.gliwice.pl\/index.php?rest_route=%2Fwp%2Fv2%2Fmedia&parent=16013"}],"wp:term":[{"taxonomy":"category","embeddable":true,"href":"https:\/\/www.sp11.gliwice.pl\/index.php?rest_route=%2Fwp%2Fv2%2Fcategories&post=16013"},{"taxonomy":"post_tag","embeddable":true,"href":"https:\/\/www.sp11.gliwice.pl\/index.php?rest_route=%2Fwp%2Fv2%2Ftags&post=16013"}],"curies":[{"name":"wp","href":"https:\/\/api.w.org\/{rel}","templated":true}]}}