{"id":16004,"date":"2025-02-28T20:32:25","date_gmt":"2025-02-28T19:32:25","guid":{"rendered":"https:\/\/www.sp11.gliwice.pl\/?p=16004"},"modified":"2025-02-28T20:32:25","modified_gmt":"2025-02-28T19:32:25","slug":"%f0%9f%a6%95dzien-dinozaura-%f0%9f%a6%95","status":"publish","type":"post","link":"https:\/\/www.sp11.gliwice.pl\/?p=16004","title":{"rendered":"\ud83e\udd95&#8221;Dzie\u0144 Dinozaura&#8221; \ud83e\udd95"},"content":{"rendered":"<p>\ud83e\udd95<span style=\"color: #000000;\">&#8222;Dzie\u0144 Dinozaura&#8221; \ud83e\udd95<\/span><br \/>\n<span style=\"color: #000000;\">26 lutego w naszym przedszkolu obchodzili\u015bmy \u015bwi\u0119to znanych, prehistorycznych stworze\u0144. Przedszkolaki obejrza\u0142y film edukacyjny, by\u0142y zagadki a tak\u017ce ka\u017cdy przedszkolak wykona\u0142 swojego \ud83e\udd95. To by\u0142 dzie\u0144 pe\u0142en rado\u015bci, nauki i \u015bwietnej zabawy!<\/span><\/p>\n<p style=\"text-align: right;\"><em>Joanna Aleksander<\/em><\/p>\nngg_shortcode_0_placeholder\n","protected":false},"excerpt":{"rendered":"<p>\ud83e\udd95&#8222;Dzie\u0144 Dinozaura&#8221; \ud83e\udd95 26 lutego w naszym przedszkolu obchodzili\u015bmy \u015bwi\u0119to znanych, prehistorycznych stworze\u0144. Przedszkolaki obejrza\u0142y film edukacyjny, by\u0142y zagadki a tak\u017ce ka\u017cdy przedszkolak wykona\u0142 swojego [&hellip;]<\/p>\n","protected":false},"author":3,"featured_media":16005,"comment_status":"closed","ping_status":"closed","sticky":false,"template":"","format":"standard","meta":{"ngg_post_thumbnail":0,"footnotes":""},"categories":[4],"tags":[],"class_list":["post-16004","post","type-post","status-publish","format-standard","has-post-thumbnail","hentry","category-aktualnosci"],"_links":{"self":[{"href":"https:\/\/www.sp11.gliwice.pl\/index.php?rest_route=\/wp\/v2\/posts\/16004","targetHints":{"allow":["GET"]}}],"collection":[{"href":"https:\/\/www.sp11.gliwice.pl\/index.php?rest_route=\/wp\/v2\/posts"}],"about":[{"href":"https:\/\/www.sp11.gliwice.pl\/index.php?rest_route=\/wp\/v2\/types\/post"}],"author":[{"embeddable":true,"href":"https:\/\/www.sp11.gliwice.pl\/index.php?rest_route=\/wp\/v2\/users\/3"}],"replies":[{"embeddable":true,"href":"https:\/\/www.sp11.gliwice.pl\/index.php?rest_route=%2Fwp%2Fv2%2Fcomments&post=16004"}],"version-history":[{"count":1,"href":"https:\/\/www.sp11.gliwice.pl\/index.php?rest_route=\/wp\/v2\/posts\/16004\/revisions"}],"predecessor-version":[{"id":16006,"href":"https:\/\/www.sp11.gliwice.pl\/index.php?rest_route=\/wp\/v2\/posts\/16004\/revisions\/16006"}],"wp:featuredmedia":[{"embeddable":true,"href":"https:\/\/www.sp11.gliwice.pl\/index.php?rest_route=\/wp\/v2\/media\/16005"}],"wp:attachment":[{"href":"https:\/\/www.sp11.gliwice.pl\/index.php?rest_route=%2Fwp%2Fv2%2Fmedia&parent=16004"}],"wp:term":[{"taxonomy":"category","embeddable":true,"href":"https:\/\/www.sp11.gliwice.pl\/index.php?rest_route=%2Fwp%2Fv2%2Fcategories&post=16004"},{"taxonomy":"post_tag","embeddable":true,"href":"https:\/\/www.sp11.gliwice.pl\/index.php?rest_route=%2Fwp%2Fv2%2Ftags&post=16004"}],"curies":[{"name":"wp","href":"https:\/\/api.w.org\/{rel}","templated":true}]}}