{"id":15993,"date":"2025-02-25T10:26:44","date_gmt":"2025-02-25T09:26:44","guid":{"rendered":"https:\/\/www.sp11.gliwice.pl\/?p=15993"},"modified":"2025-02-25T10:26:44","modified_gmt":"2025-02-25T09:26:44","slug":"zaproszenie-do-udzialu-w-konkursie-2","status":"publish","type":"post","link":"https:\/\/www.sp11.gliwice.pl\/?p=15993","title":{"rendered":"Zaproszenie do udzia\u0142u w Konkursie :)"},"content":{"rendered":"<p><span style=\"color: #000000;\"><strong>ZAPRASZAMY do udzia\u0142u w MIE<\/strong><strong>JSKIM KONKURSIE&nbsp;<\/strong><strong>PLASTYCZNO \u2013 LITERACKIM&nbsp;<\/strong><strong>POD HONOROWYM PATRONATEM <\/strong><strong>Prezydent Miasta Gliwice&nbsp;<\/strong><strong>Katarzyny Kuczy\u0144skiej-Budki&nbsp;<\/strong><\/span><\/p>\n<p><span style=\"color: #000000;\"><strong>&nbsp;<\/strong><strong>z okazji 160. rocznicy urodzin <\/strong><strong>Olgi Bozna\u0144skiej&nbsp;<\/strong><strong><em><u>Portret bliskiej osoby.<\/u><\/em><\/strong><\/span><\/p>\n<p><span style=\"color: #000000;\"><strong><u>Cele konkursu:<\/u><\/strong><\/span><\/p>\n<ul>\n<li><span style=\"color: #000000;\">Umo\u017cliwienie uczniom rozwoju zdolno\u015bci literackich.<\/span><\/li>\n<li><span style=\"color: #000000;\">Doskonalenie warsztatu plastycznego.<\/span><\/li>\n<li><span style=\"color: #000000;\">Umo\u017cliwienie rozwoju wyobra\u017ani oraz kreatywno\u015bci.<\/span><\/li>\n<li><span style=\"color: #000000;\">Popularyzacja tw\u00f3rczo\u015bci Olgi Bozna\u0144skiej.<\/span><\/li>\n<\/ul>\n<p><span style=\"color: #000000;\"><strong><u>Regulamin konkursu:<\/u><\/strong><\/span><\/p>\n<p><span style=\"color: #000000;\">Konkurs adresowany jest do uczni\u00f3w szk\u00f3\u0142 podstawowych w nast\u0119puj\u0105cych kategoriach wiekowych:<\/span><\/p>\n<ul>\n<li><span style=\"color: #000000;\">uczniowie klas IV &#8211; VI<\/span><\/li>\n<li><span style=\"color: #000000;\">uczniowie klas VII \u2013 VIII<\/span><\/li>\n<\/ul>\n<ol start=\"3\">\n<li><span style=\"color: #000000;\">Prace b\u0119d\u0105 oceniane w dw\u00f3ch wy\u017cej wymienionych kategoriach przez jury. Zostan\u0105 przyznane trzy miejsca oraz dwa wyr\u00f3\u017cnienia w ka\u017cdej z grup wiekowych. Laureaci otrzymaj\u0105 nagrody.<\/span><\/li>\n<li><span style=\"color: #000000;\">Zadaniem ka\u017cdego uczestnika Konkursu jest wykonanie nast\u0119puj\u0105cych prac:<\/span><\/li>\n<\/ol>\n<p><span style=\"color: #000000;\">&nbsp; 1) <strong><u>literackiej<\/u><\/strong>, maj\u0105cej na celu napisanie <strong>wiersza pt. <em>Portret bliskiej osoby. <\/em><\/strong>Zadaniem uczestnik\u00f3w jest stworzenie w\u0142asnego utworu poetyckiego opowiadaj\u0105cego o bliskiej osobie (np. mama, siostra, przyjaci\u00f3\u0142ka, kole\u017canka, tata, brat, przyjaciel). Wiersz, w\u0142asnego autorstwa, powinien by\u0107 napisany odr\u0119cznie na kartce formatu A4 z nadrukiem pasuj\u0105cym do wiersza znalezionym w Internecie. Poni\u017cej przedstawiamy przyk\u0142adowe nadruki.<\/span><\/p>\n<p><span style=\"color: #000000;\">2) <strong><u>plastycznej<\/u><\/strong>, b\u0119d\u0105cej portretem en pied (portret ca\u0142opostaciowy) lub p\u00f3\u0142postaci\u0105 osoby z wiersza. Prac\u0119 na p\u0142\u00f3tnie malarskim z bloku A4 nale\u017cy wykona\u0107 farbami akrylowymi w stylu przypominaj\u0105cym malarstwo O. Bozna\u0144skiej.<\/span><\/p>\n<p><strong><span style=\"color: #ff0000;\"><em>wi\u0119cej szczeg\u00f3\u0142\u00f3w w za\u0142\u0105czniku<\/em> <\/span><\/strong><\/p>\n<p><a href=\"https:\/\/www.sp11.gliwice.pl\/wp-content\/uploads\/2025\/02\/Miejski-Konkurs-Plastyczno-Literacki-Portret-bliskiej-osoby.docx\">Miejski Konkurs Plastyczno-Literacki-Portret bliskiej osoby<\/a><\/p>\n","protected":false},"excerpt":{"rendered":"<p>ZAPRASZAMY do udzia\u0142u w MIEJSKIM KONKURSIE&nbsp;PLASTYCZNO \u2013 LITERACKIM&nbsp;POD HONOROWYM PATRONATEM Prezydent Miasta Gliwice&nbsp;Katarzyny Kuczy\u0144skiej-Budki&nbsp; &nbsp;z okazji 160. rocznicy urodzin Olgi Bozna\u0144skiej&nbsp;Portret bliskiej osoby. Cele konkursu: [&hellip;]<\/p>\n","protected":false},"author":3,"featured_media":15994,"comment_status":"closed","ping_status":"closed","sticky":false,"template":"","format":"standard","meta":{"ngg_post_thumbnail":0,"footnotes":""},"categories":[4],"tags":[],"class_list":["post-15993","post","type-post","status-publish","format-standard","has-post-thumbnail","hentry","category-aktualnosci"],"_links":{"self":[{"href":"https:\/\/www.sp11.gliwice.pl\/index.php?rest_route=\/wp\/v2\/posts\/15993","targetHints":{"allow":["GET"]}}],"collection":[{"href":"https:\/\/www.sp11.gliwice.pl\/index.php?rest_route=\/wp\/v2\/posts"}],"about":[{"href":"https:\/\/www.sp11.gliwice.pl\/index.php?rest_route=\/wp\/v2\/types\/post"}],"author":[{"embeddable":true,"href":"https:\/\/www.sp11.gliwice.pl\/index.php?rest_route=\/wp\/v2\/users\/3"}],"replies":[{"embeddable":true,"href":"https:\/\/www.sp11.gliwice.pl\/index.php?rest_route=%2Fwp%2Fv2%2Fcomments&post=15993"}],"version-history":[{"count":1,"href":"https:\/\/www.sp11.gliwice.pl\/index.php?rest_route=\/wp\/v2\/posts\/15993\/revisions"}],"predecessor-version":[{"id":15996,"href":"https:\/\/www.sp11.gliwice.pl\/index.php?rest_route=\/wp\/v2\/posts\/15993\/revisions\/15996"}],"wp:featuredmedia":[{"embeddable":true,"href":"https:\/\/www.sp11.gliwice.pl\/index.php?rest_route=\/wp\/v2\/media\/15994"}],"wp:attachment":[{"href":"https:\/\/www.sp11.gliwice.pl\/index.php?rest_route=%2Fwp%2Fv2%2Fmedia&parent=15993"}],"wp:term":[{"taxonomy":"category","embeddable":true,"href":"https:\/\/www.sp11.gliwice.pl\/index.php?rest_route=%2Fwp%2Fv2%2Fcategories&post=15993"},{"taxonomy":"post_tag","embeddable":true,"href":"https:\/\/www.sp11.gliwice.pl\/index.php?rest_route=%2Fwp%2Fv2%2Ftags&post=15993"}],"curies":[{"name":"wp","href":"https:\/\/api.w.org\/{rel}","templated":true}]}}