{"id":15966,"date":"2025-02-19T10:53:49","date_gmt":"2025-02-19T09:53:49","guid":{"rendered":"https:\/\/www.sp11.gliwice.pl\/?p=15966"},"modified":"2025-02-19T11:42:49","modified_gmt":"2025-02-19T10:42:49","slug":"walentynkowy-konkurs-plastyczny-w-przedszkolu","status":"publish","type":"post","link":"https:\/\/www.sp11.gliwice.pl\/?p=15966","title":{"rendered":"Walentynkowy Konkurs Plastyczny w przedszkolu :)"},"content":{"rendered":"<p><span style=\"color: #000000;\">14 lutego odby\u0142o og\u0142oszenie wynik\u00f3w i wr\u0119czenie nagr\u00f3d za udzia\u0142 w Walentynkowy konkursie plastycznym dla przedszkola . Serdecznie gratulujemy wszystkim i dzi\u0119kujemy za udzia\u0142 !<\/span><\/p>\n<p><strong><span style=\"color: #000000;\">Wyniki:<\/span><\/strong><br \/>\n<span style=\"color: #000000;\">I miejsce Laura Szyma\u0144ska gr. \u201eJe\u017cyki\u201d<\/span><br \/>\n<span style=\"color: #000000;\">II miejsce Karolina Pagacz i Marcel Pagacz gr. \u201eKubusie Puchatki\u201d<\/span><br \/>\n<span style=\"color: #000000;\">III miejsce Tymoteusz Jaworski \u201e\u017babki\u201d<\/span><\/p>\n<p style=\"text-align: right;\"><em>mgr Katarzyna P\u0142onka<\/em><\/p>\nngg_shortcode_0_placeholder\n","protected":false},"excerpt":{"rendered":"<p>14 lutego odby\u0142o og\u0142oszenie wynik\u00f3w i wr\u0119czenie nagr\u00f3d za udzia\u0142 w Walentynkowy konkursie plastycznym dla przedszkola . Serdecznie gratulujemy wszystkim i dzi\u0119kujemy za udzia\u0142 ! [&hellip;]<\/p>\n","protected":false},"author":3,"featured_media":15967,"comment_status":"closed","ping_status":"closed","sticky":false,"template":"","format":"standard","meta":{"ngg_post_thumbnail":0,"footnotes":""},"categories":[4],"tags":[],"class_list":["post-15966","post","type-post","status-publish","format-standard","has-post-thumbnail","hentry","category-aktualnosci"],"_links":{"self":[{"href":"https:\/\/www.sp11.gliwice.pl\/index.php?rest_route=\/wp\/v2\/posts\/15966","targetHints":{"allow":["GET"]}}],"collection":[{"href":"https:\/\/www.sp11.gliwice.pl\/index.php?rest_route=\/wp\/v2\/posts"}],"about":[{"href":"https:\/\/www.sp11.gliwice.pl\/index.php?rest_route=\/wp\/v2\/types\/post"}],"author":[{"embeddable":true,"href":"https:\/\/www.sp11.gliwice.pl\/index.php?rest_route=\/wp\/v2\/users\/3"}],"replies":[{"embeddable":true,"href":"https:\/\/www.sp11.gliwice.pl\/index.php?rest_route=%2Fwp%2Fv2%2Fcomments&post=15966"}],"version-history":[{"count":2,"href":"https:\/\/www.sp11.gliwice.pl\/index.php?rest_route=\/wp\/v2\/posts\/15966\/revisions"}],"predecessor-version":[{"id":15971,"href":"https:\/\/www.sp11.gliwice.pl\/index.php?rest_route=\/wp\/v2\/posts\/15966\/revisions\/15971"}],"wp:featuredmedia":[{"embeddable":true,"href":"https:\/\/www.sp11.gliwice.pl\/index.php?rest_route=\/wp\/v2\/media\/15967"}],"wp:attachment":[{"href":"https:\/\/www.sp11.gliwice.pl\/index.php?rest_route=%2Fwp%2Fv2%2Fmedia&parent=15966"}],"wp:term":[{"taxonomy":"category","embeddable":true,"href":"https:\/\/www.sp11.gliwice.pl\/index.php?rest_route=%2Fwp%2Fv2%2Fcategories&post=15966"},{"taxonomy":"post_tag","embeddable":true,"href":"https:\/\/www.sp11.gliwice.pl\/index.php?rest_route=%2Fwp%2Fv2%2Ftags&post=15966"}],"curies":[{"name":"wp","href":"https:\/\/api.w.org\/{rel}","templated":true}]}}