{"id":15958,"date":"2025-02-17T08:58:35","date_gmt":"2025-02-17T07:58:35","guid":{"rendered":"https:\/\/www.sp11.gliwice.pl\/?p=15958"},"modified":"2025-02-17T08:58:35","modified_gmt":"2025-02-17T07:58:35","slug":"bale-karnawalowe","status":"publish","type":"post","link":"https:\/\/www.sp11.gliwice.pl\/?p=15958","title":{"rendered":"Bale karnawa\u0142owe :)"},"content":{"rendered":"<p><span style=\"color: #000000;\">Ostatnie dwa dni przed feriami by\u0142y w naszej szkole przepe\u0142nione zabaw\u0105. W czwartek na swoim balu karnawa\u0142owym szala\u0142y przedszkolaki\ud83e\udd73 Natomiast w pi\u0105tek sw\u00f3j bal mieli uczniowie z klas 1-3\ud83e\udd29 Na zako\u0144czenie bawili si\u0119 starsi uczniowie,na dyskotece z okazji Walentynek\u2764\ufe0f W tym dniu nie zabrak\u0142o w klasach czerwonego koloru,s\u0142odkiego pocz\u0119stunku no i oczywi\u015bcie os\u00f3b obdarowanych walentynkami!\ud83d\ude0d<\/span><\/p>\n<p><span style=\"color: #000000;\">Tymczasem \u017cyczymy odpoczynku! Ferie 2025 uwa\u017camy za oficjalnie otwarte!\ud83c\udf89<\/span><br \/>\n<span style=\"color: #000000;\">Do zobaczenia za 2 tygodnie\ud83e\udd29<\/span><\/p>\n<p style=\"text-align: right;\"><em>mgr Natalia Drapa<\/em><\/p>\nngg_shortcode_0_placeholder\n","protected":false},"excerpt":{"rendered":"<p>Ostatnie dwa dni przed feriami by\u0142y w naszej szkole przepe\u0142nione zabaw\u0105. W czwartek na swoim balu karnawa\u0142owym szala\u0142y przedszkolaki\ud83e\udd73 Natomiast w pi\u0105tek sw\u00f3j bal mieli [&hellip;]<\/p>\n","protected":false},"author":3,"featured_media":15959,"comment_status":"closed","ping_status":"closed","sticky":false,"template":"","format":"standard","meta":{"ngg_post_thumbnail":0,"footnotes":""},"categories":[4],"tags":[],"class_list":["post-15958","post","type-post","status-publish","format-standard","has-post-thumbnail","hentry","category-aktualnosci"],"_links":{"self":[{"href":"https:\/\/www.sp11.gliwice.pl\/index.php?rest_route=\/wp\/v2\/posts\/15958","targetHints":{"allow":["GET"]}}],"collection":[{"href":"https:\/\/www.sp11.gliwice.pl\/index.php?rest_route=\/wp\/v2\/posts"}],"about":[{"href":"https:\/\/www.sp11.gliwice.pl\/index.php?rest_route=\/wp\/v2\/types\/post"}],"author":[{"embeddable":true,"href":"https:\/\/www.sp11.gliwice.pl\/index.php?rest_route=\/wp\/v2\/users\/3"}],"replies":[{"embeddable":true,"href":"https:\/\/www.sp11.gliwice.pl\/index.php?rest_route=%2Fwp%2Fv2%2Fcomments&post=15958"}],"version-history":[{"count":1,"href":"https:\/\/www.sp11.gliwice.pl\/index.php?rest_route=\/wp\/v2\/posts\/15958\/revisions"}],"predecessor-version":[{"id":15960,"href":"https:\/\/www.sp11.gliwice.pl\/index.php?rest_route=\/wp\/v2\/posts\/15958\/revisions\/15960"}],"wp:featuredmedia":[{"embeddable":true,"href":"https:\/\/www.sp11.gliwice.pl\/index.php?rest_route=\/wp\/v2\/media\/15959"}],"wp:attachment":[{"href":"https:\/\/www.sp11.gliwice.pl\/index.php?rest_route=%2Fwp%2Fv2%2Fmedia&parent=15958"}],"wp:term":[{"taxonomy":"category","embeddable":true,"href":"https:\/\/www.sp11.gliwice.pl\/index.php?rest_route=%2Fwp%2Fv2%2Fcategories&post=15958"},{"taxonomy":"post_tag","embeddable":true,"href":"https:\/\/www.sp11.gliwice.pl\/index.php?rest_route=%2Fwp%2Fv2%2Ftags&post=15958"}],"curies":[{"name":"wp","href":"https:\/\/api.w.org\/{rel}","templated":true}]}}