{"id":15950,"date":"2025-02-14T13:22:49","date_gmt":"2025-02-14T12:22:49","guid":{"rendered":"https:\/\/www.sp11.gliwice.pl\/?p=15950"},"modified":"2025-02-14T13:22:49","modified_gmt":"2025-02-14T12:22:49","slug":"bezpieczenstwo-w-internecie","status":"publish","type":"post","link":"https:\/\/www.sp11.gliwice.pl\/?p=15950","title":{"rendered":"Bezpiecze\u0144stwo w Internecie"},"content":{"rendered":"<p><span style=\"color: #000000;\"><strong>Dzie\u0144 Bezpiecznego Internetu (DBI)<\/strong> ustanowiony zosta\u0142 z inicjatywy Komisji Europejskiej w 2004 roku. \u015awi\u0119towany jest na ca\u0142ym \u015bwiecie. Z pe\u0142n\u0105 list\u0105 zaanga\u017cowanych pa\u0144stw i instytucji oraz podj\u0119tymi przez nie dzia\u0142aniami zapozna\u0107 si\u0119 mo\u017cna na stronie&nbsp;<a style=\"color: #000000;\" title=\"https:\/\/www.saferinternetday.org\/\" href=\"https:\/\/www.saferinternetday.org\/\" target=\"_blank\" rel=\"noopener\"><strong>www.saferinternetday.org.<\/strong><\/a><\/span><\/p>\n<p><span style=\"color: #000000;\">Organizatorem wydarzenia w Polsce od 2005 roku jest&nbsp;<strong>Polskie Centrum Programu Safer Internet<\/strong>&nbsp;(PCPSI), kt\u00f3re tworz\u0105 pa\u0144stwowy instytut badawczy&nbsp;<a style=\"color: #000000;\" title=\"https:\/\/nask.pl\/\" href=\"https:\/\/nask.pl\/\" target=\"_blank\" rel=\"noopener\"><strong>NASK<\/strong><\/a>&nbsp;oraz&nbsp;<a style=\"color: #000000;\" title=\"https:\/\/fdds.pl\/\" href=\"https:\/\/fdds.pl\/\" target=\"_blank\" rel=\"noopener\"><strong>Fundacja Dajemy Dzieciom Si\u0142\u0119<\/strong><\/a>&nbsp;\u2013 realizatorzy unijnego programu&nbsp;\u201eDigital Europe\u201d.&nbsp;Wydarzenie obj\u0119te zosta\u0142o honorowym patronatem przez Ministra Cyfryzacji,&nbsp;Ministra Edukacji,&nbsp;&nbsp;Rzecznika Praw Dziecka, polskiej Prezydencji w Radzie UE oraz Centrum Nauki Kopernika.<\/span><\/p>\n<p><span style=\"color: #000000;\">DBI ma na celu inicjowanie i propagowanie dzia\u0142a\u0144 na rzecz bezpiecznego dost\u0119pu dzieci i m\u0142odzie\u017cy do zasob\u00f3w internetowych, zaznajamianie rodzic\u00f3w, nauczycieli i wychowawc\u00f3w z problematyk\u0105 bezpiecze\u0144stwa online oraz promocj\u0119 pozytywnego wykorzystywania internetu.<\/span><\/p>\n<p><span style=\"color: #000000;\">W naszej szkole uczniowie wszystkich klas uczestniczyli w zaj\u0119ciach o tematyce bezpiecze\u0144stwa w Sieci. Dodatkowo klasy 7 i 8 wzi\u0119\u0142y udzia\u0142 w cyklu zaj\u0119\u0107 i szko\u0142a otrzyma\u0142a Certyfikat Bezpiecznej Plac\u00f3wki.<\/span><\/p>\nngg_shortcode_0_placeholder\n","protected":false},"excerpt":{"rendered":"<p>Dzie\u0144 Bezpiecznego Internetu (DBI) ustanowiony zosta\u0142 z inicjatywy Komisji Europejskiej w 2004 roku. \u015awi\u0119towany jest na ca\u0142ym \u015bwiecie. Z pe\u0142n\u0105 list\u0105 zaanga\u017cowanych pa\u0144stw i instytucji [&hellip;]<\/p>\n","protected":false},"author":3,"featured_media":15951,"comment_status":"closed","ping_status":"closed","sticky":false,"template":"","format":"standard","meta":{"ngg_post_thumbnail":0,"footnotes":""},"categories":[4],"tags":[],"class_list":["post-15950","post","type-post","status-publish","format-standard","has-post-thumbnail","hentry","category-aktualnosci"],"_links":{"self":[{"href":"https:\/\/www.sp11.gliwice.pl\/index.php?rest_route=\/wp\/v2\/posts\/15950","targetHints":{"allow":["GET"]}}],"collection":[{"href":"https:\/\/www.sp11.gliwice.pl\/index.php?rest_route=\/wp\/v2\/posts"}],"about":[{"href":"https:\/\/www.sp11.gliwice.pl\/index.php?rest_route=\/wp\/v2\/types\/post"}],"author":[{"embeddable":true,"href":"https:\/\/www.sp11.gliwice.pl\/index.php?rest_route=\/wp\/v2\/users\/3"}],"replies":[{"embeddable":true,"href":"https:\/\/www.sp11.gliwice.pl\/index.php?rest_route=%2Fwp%2Fv2%2Fcomments&post=15950"}],"version-history":[{"count":1,"href":"https:\/\/www.sp11.gliwice.pl\/index.php?rest_route=\/wp\/v2\/posts\/15950\/revisions"}],"predecessor-version":[{"id":15952,"href":"https:\/\/www.sp11.gliwice.pl\/index.php?rest_route=\/wp\/v2\/posts\/15950\/revisions\/15952"}],"wp:featuredmedia":[{"embeddable":true,"href":"https:\/\/www.sp11.gliwice.pl\/index.php?rest_route=\/wp\/v2\/media\/15951"}],"wp:attachment":[{"href":"https:\/\/www.sp11.gliwice.pl\/index.php?rest_route=%2Fwp%2Fv2%2Fmedia&parent=15950"}],"wp:term":[{"taxonomy":"category","embeddable":true,"href":"https:\/\/www.sp11.gliwice.pl\/index.php?rest_route=%2Fwp%2Fv2%2Fcategories&post=15950"},{"taxonomy":"post_tag","embeddable":true,"href":"https:\/\/www.sp11.gliwice.pl\/index.php?rest_route=%2Fwp%2Fv2%2Ftags&post=15950"}],"curies":[{"name":"wp","href":"https:\/\/api.w.org\/{rel}","templated":true}]}}