{"id":15930,"date":"2025-02-13T17:44:03","date_gmt":"2025-02-13T16:44:03","guid":{"rendered":"https:\/\/www.sp11.gliwice.pl\/?p=15930"},"modified":"2025-02-13T17:44:03","modified_gmt":"2025-02-13T16:44:03","slug":"premiera-filmu-w-starej-izbie","status":"publish","type":"post","link":"https:\/\/www.sp11.gliwice.pl\/?p=15930","title":{"rendered":"Premiera filmu w Starej Izbie :)"},"content":{"rendered":"<p><span style=\"color: #000000;\">Dnia 5 lutego 2025 roku w podziemiach naszej Szko\u0142y odby\u0142 si\u0119 przedpremierowy pokaz filmu \u201eZ Klusk\u0105 \u015al\u0105sk\u0105 w Starej Izbie\u201d przygotowany przez uczestnik\u00f3w Szkolnego Ko\u0142a Teatralnego pod opiek\u0105 Pani Jolanty Lisowskiej oraz Pani Emilii Wilk-Krzy\u017cowskiej.&nbsp;<\/span><\/p>\n<p><span style=\"color: #000000;\">&nbsp;&nbsp;&nbsp;&nbsp;&nbsp;&nbsp;&nbsp;&nbsp;&nbsp;&nbsp;&nbsp; Aktorzy wraz ze swoimi Bliskimi po raz pierwszy mogli zobaczy\u0107 efekty wspania\u0142ej pracy. Uczniowie w mistrzowski spos\u00f3b zaprezentowali swoje umiej\u0119tno\u015bci oraz zdolno\u015bci aktorskie. Odpowiednia dykcja, wspania\u0142y gest sceniczny oraz uzewn\u0119trznione emocje pozwoli\u0142y im w idealny spos\u00f3b wcieli\u0107 si\u0119 w wybran\u0105 posta\u0107.<\/span><\/p>\n<p><span style=\"color: #000000;\">&nbsp;&nbsp;&nbsp;&nbsp;&nbsp;&nbsp;&nbsp;&nbsp;&nbsp;&nbsp;&nbsp; Uczestnicy pokazu mieli r\u00f3wnie\u017c mo\u017cliwo\u015b\u0107 zwiedzenia Starej Izby im. Jolanty Lisowskiej oraz wpisania si\u0119 do ksi\u0119gi go\u015bci.<\/span><\/p>\n<p><span style=\"color: #000000;\">Serdecznie dzi\u0119kujemy wszystkim za obecno\u015b\u0107. \ud83d\ude0a<\/span><\/p>\n<p style=\"text-align: right;\">&nbsp;<em>dr Emilia Wilk-Krzy\u017cowska<br \/>\n<\/em><em>mgr Jolanta Lisowska<\/em><\/p>\nngg_shortcode_0_placeholder\n","protected":false},"excerpt":{"rendered":"<p>Dnia 5 lutego 2025 roku w podziemiach naszej Szko\u0142y odby\u0142 si\u0119 przedpremierowy pokaz filmu \u201eZ Klusk\u0105 \u015al\u0105sk\u0105 w Starej Izbie\u201d przygotowany przez uczestnik\u00f3w Szkolnego Ko\u0142a [&hellip;]<\/p>\n","protected":false},"author":3,"featured_media":15931,"comment_status":"closed","ping_status":"closed","sticky":false,"template":"","format":"standard","meta":{"ngg_post_thumbnail":0,"footnotes":""},"categories":[4],"tags":[],"class_list":["post-15930","post","type-post","status-publish","format-standard","has-post-thumbnail","hentry","category-aktualnosci"],"_links":{"self":[{"href":"https:\/\/www.sp11.gliwice.pl\/index.php?rest_route=\/wp\/v2\/posts\/15930","targetHints":{"allow":["GET"]}}],"collection":[{"href":"https:\/\/www.sp11.gliwice.pl\/index.php?rest_route=\/wp\/v2\/posts"}],"about":[{"href":"https:\/\/www.sp11.gliwice.pl\/index.php?rest_route=\/wp\/v2\/types\/post"}],"author":[{"embeddable":true,"href":"https:\/\/www.sp11.gliwice.pl\/index.php?rest_route=\/wp\/v2\/users\/3"}],"replies":[{"embeddable":true,"href":"https:\/\/www.sp11.gliwice.pl\/index.php?rest_route=%2Fwp%2Fv2%2Fcomments&post=15930"}],"version-history":[{"count":1,"href":"https:\/\/www.sp11.gliwice.pl\/index.php?rest_route=\/wp\/v2\/posts\/15930\/revisions"}],"predecessor-version":[{"id":15932,"href":"https:\/\/www.sp11.gliwice.pl\/index.php?rest_route=\/wp\/v2\/posts\/15930\/revisions\/15932"}],"wp:featuredmedia":[{"embeddable":true,"href":"https:\/\/www.sp11.gliwice.pl\/index.php?rest_route=\/wp\/v2\/media\/15931"}],"wp:attachment":[{"href":"https:\/\/www.sp11.gliwice.pl\/index.php?rest_route=%2Fwp%2Fv2%2Fmedia&parent=15930"}],"wp:term":[{"taxonomy":"category","embeddable":true,"href":"https:\/\/www.sp11.gliwice.pl\/index.php?rest_route=%2Fwp%2Fv2%2Fcategories&post=15930"},{"taxonomy":"post_tag","embeddable":true,"href":"https:\/\/www.sp11.gliwice.pl\/index.php?rest_route=%2Fwp%2Fv2%2Ftags&post=15930"}],"curies":[{"name":"wp","href":"https:\/\/api.w.org\/{rel}","templated":true}]}}