{"id":15914,"date":"2025-02-08T23:23:48","date_gmt":"2025-02-08T22:23:48","guid":{"rendered":"https:\/\/www.sp11.gliwice.pl\/?p=15914"},"modified":"2025-02-08T23:23:48","modified_gmt":"2025-02-08T22:23:48","slug":"decyzje-edukacyjne-tuz-tuz-zespol-szkol-ekonomiczno-technicznych-w-gliwicach-z-wizyta-w-sp11","status":"publish","type":"post","link":"https:\/\/www.sp11.gliwice.pl\/?p=15914","title":{"rendered":"DECYZJE EDUKACYJNE TU\u017b TU\u017b &#8230; ZESP\u00d3\u0141 SZK\u00d3\u0141 EKONOMICZNO-TECHNICZNYCH W GLIWICACH Z WIZYT\u0104 W SP11"},"content":{"rendered":"<p><span style=\"color: #000000;\">W dniu 06.02.2025 r. w naszej szkole w klasie \u00f3smej go\u015bci\u0142a reprezentacja Zespo\u0142u Szk\u00f3\u0142 Ekonomiczno-Technicznych w Gliwicach. Uczniowie wraz z nauczycielem &#8211; p.Karolin\u0105 Nowak przedstawili ofert\u0119 edukacyjn\u0105, opowiadali o nauce w zawodach: technik ekonomista (klasa o profilu policyjnym), technik logistyk (klasa o profilu po\u017carniczym i klasa o profilu wojskowym), technik reklamy, technik fotografii i multimedi\u00f3w, technik grafiki i poligrafii cyfrowej. Przybli\u017cyli uczniom tematy dotycz\u0105ce test\u00f3w sprawno\u015bciowych, awans\u00f3w w klasach mundurowych, zaj\u0119ciach na strzelnicy, poligonach, przemieszczaniu si\u0119 w terenach le\u015bnych, maskowaniu i musztrach, w tym konkursu musztry paradnej. W swoich wyst\u0105pieniach zach\u0119cali uczni\u00f3w do przymierzania element\u00f3w ubioru, takich jak: kask, kamizelka wojskowa, kajdanki itp. Spotkanie mia\u0142o na celu motywowanie m\u0142odszych koleg\u00f3w i kole\u017canek do przemy\u015blanych wybor\u00f3w kierunk\u00f3w kszta\u0142cenia. Dzi\u0119kujemy za wizyt\u0119 \ud83d\ude42 .<\/span><\/p>\n<p style=\"text-align: right;\"><em>Wojciech Kijewski &#8211; dyrektor szko\u0142y<\/em><br \/>\n<em>Joanna Magiera &#8211; pedagog szkolny<\/em><\/p>\nngg_shortcode_0_placeholder\n","protected":false},"excerpt":{"rendered":"<p>W dniu 06.02.2025 r. w naszej szkole w klasie \u00f3smej go\u015bci\u0142a reprezentacja Zespo\u0142u Szk\u00f3\u0142 Ekonomiczno-Technicznych w Gliwicach. Uczniowie wraz z nauczycielem &#8211; p.Karolin\u0105 Nowak przedstawili [&hellip;]<\/p>\n","protected":false},"author":3,"featured_media":15915,"comment_status":"closed","ping_status":"closed","sticky":false,"template":"","format":"standard","meta":{"ngg_post_thumbnail":0,"footnotes":""},"categories":[4],"tags":[],"class_list":["post-15914","post","type-post","status-publish","format-standard","has-post-thumbnail","hentry","category-aktualnosci"],"_links":{"self":[{"href":"https:\/\/www.sp11.gliwice.pl\/index.php?rest_route=\/wp\/v2\/posts\/15914","targetHints":{"allow":["GET"]}}],"collection":[{"href":"https:\/\/www.sp11.gliwice.pl\/index.php?rest_route=\/wp\/v2\/posts"}],"about":[{"href":"https:\/\/www.sp11.gliwice.pl\/index.php?rest_route=\/wp\/v2\/types\/post"}],"author":[{"embeddable":true,"href":"https:\/\/www.sp11.gliwice.pl\/index.php?rest_route=\/wp\/v2\/users\/3"}],"replies":[{"embeddable":true,"href":"https:\/\/www.sp11.gliwice.pl\/index.php?rest_route=%2Fwp%2Fv2%2Fcomments&post=15914"}],"version-history":[{"count":1,"href":"https:\/\/www.sp11.gliwice.pl\/index.php?rest_route=\/wp\/v2\/posts\/15914\/revisions"}],"predecessor-version":[{"id":15916,"href":"https:\/\/www.sp11.gliwice.pl\/index.php?rest_route=\/wp\/v2\/posts\/15914\/revisions\/15916"}],"wp:featuredmedia":[{"embeddable":true,"href":"https:\/\/www.sp11.gliwice.pl\/index.php?rest_route=\/wp\/v2\/media\/15915"}],"wp:attachment":[{"href":"https:\/\/www.sp11.gliwice.pl\/index.php?rest_route=%2Fwp%2Fv2%2Fmedia&parent=15914"}],"wp:term":[{"taxonomy":"category","embeddable":true,"href":"https:\/\/www.sp11.gliwice.pl\/index.php?rest_route=%2Fwp%2Fv2%2Fcategories&post=15914"},{"taxonomy":"post_tag","embeddable":true,"href":"https:\/\/www.sp11.gliwice.pl\/index.php?rest_route=%2Fwp%2Fv2%2Ftags&post=15914"}],"curies":[{"name":"wp","href":"https:\/\/api.w.org\/{rel}","templated":true}]}}