{"id":15890,"date":"2025-02-06T09:58:55","date_gmt":"2025-02-06T08:58:55","guid":{"rendered":"https:\/\/www.sp11.gliwice.pl\/?p=15890"},"modified":"2025-02-06T09:58:55","modified_gmt":"2025-02-06T08:58:55","slug":"bezpieczne-ferie","status":"publish","type":"post","link":"https:\/\/www.sp11.gliwice.pl\/?p=15890","title":{"rendered":"BEZPIECZNE FERIE"},"content":{"rendered":"<div dir=\"auto\"><span style=\"color: #000000;\">W dniu 04.02.2025 r. go\u015bcili\u015bmy w naszej szkole funkcjonariuszy z Komisariatu V Policji w Gliwicach. Policjanci spotkali si\u0119 z uczniami klas I-VIII, by podj\u0105\u0107 wa\u017cny temat bezpiecze\u0144stwa w czasie wolnym od nauki. W trakcie pogadanek, uwra\u017cliwiali uczni\u00f3w na bezpieczne korzystanie ze sprz\u0119tu zimowego, \u015blizgawek, przestrzeganie zasad ruchu drogowego, zachowania bezpiecze\u0144stwa w kontaktach z osobami obcymi, odpowiedzialnego korzystania z Internetu i numer\u00f3w alarmowych. W klasach starszych zwr\u00f3cili r\u00f3wnie\u017c uwag\u0119 na zaniechanie kontaktu z u\u017cywkami. Dzi\u0119kujemy p.asp. Adamowi Dudce i p.asp.szt. Micha\u0142owi Suchackiemu za wspieranie naszych inicjatyw profilaktycznych i zapraszamy ponownie do Jedenastki \ud83d\ude42<\/span><\/div>\n<div dir=\"auto\">&nbsp;<\/div>\n<div dir=\"auto\" style=\"text-align: right;\"><em>Wojciech Kijewski &#8211; dyrektor szko\u0142y<\/em><\/div>\n<div dir=\"auto\" style=\"text-align: right;\"><em>Joanna Magiera &#8211; pedagog szkolny<\/em><\/div>\n<div dir=\"auto\">ngg_shortcode_0_placeholder<\/div>\n","protected":false},"excerpt":{"rendered":"<p>W dniu 04.02.2025 r. go\u015bcili\u015bmy w naszej szkole funkcjonariuszy z Komisariatu V Policji w Gliwicach. Policjanci spotkali si\u0119 z uczniami klas I-VIII, by podj\u0105\u0107 wa\u017cny [&hellip;]<\/p>\n","protected":false},"author":3,"featured_media":15891,"comment_status":"closed","ping_status":"closed","sticky":false,"template":"","format":"standard","meta":{"ngg_post_thumbnail":0,"footnotes":""},"categories":[4],"tags":[],"class_list":["post-15890","post","type-post","status-publish","format-standard","has-post-thumbnail","hentry","category-aktualnosci"],"_links":{"self":[{"href":"https:\/\/www.sp11.gliwice.pl\/index.php?rest_route=\/wp\/v2\/posts\/15890","targetHints":{"allow":["GET"]}}],"collection":[{"href":"https:\/\/www.sp11.gliwice.pl\/index.php?rest_route=\/wp\/v2\/posts"}],"about":[{"href":"https:\/\/www.sp11.gliwice.pl\/index.php?rest_route=\/wp\/v2\/types\/post"}],"author":[{"embeddable":true,"href":"https:\/\/www.sp11.gliwice.pl\/index.php?rest_route=\/wp\/v2\/users\/3"}],"replies":[{"embeddable":true,"href":"https:\/\/www.sp11.gliwice.pl\/index.php?rest_route=%2Fwp%2Fv2%2Fcomments&post=15890"}],"version-history":[{"count":1,"href":"https:\/\/www.sp11.gliwice.pl\/index.php?rest_route=\/wp\/v2\/posts\/15890\/revisions"}],"predecessor-version":[{"id":15892,"href":"https:\/\/www.sp11.gliwice.pl\/index.php?rest_route=\/wp\/v2\/posts\/15890\/revisions\/15892"}],"wp:featuredmedia":[{"embeddable":true,"href":"https:\/\/www.sp11.gliwice.pl\/index.php?rest_route=\/wp\/v2\/media\/15891"}],"wp:attachment":[{"href":"https:\/\/www.sp11.gliwice.pl\/index.php?rest_route=%2Fwp%2Fv2%2Fmedia&parent=15890"}],"wp:term":[{"taxonomy":"category","embeddable":true,"href":"https:\/\/www.sp11.gliwice.pl\/index.php?rest_route=%2Fwp%2Fv2%2Fcategories&post=15890"},{"taxonomy":"post_tag","embeddable":true,"href":"https:\/\/www.sp11.gliwice.pl\/index.php?rest_route=%2Fwp%2Fv2%2Ftags&post=15890"}],"curies":[{"name":"wp","href":"https:\/\/api.w.org\/{rel}","templated":true}]}}