{"id":15845,"date":"2025-02-02T16:59:56","date_gmt":"2025-02-02T15:59:56","guid":{"rendered":"https:\/\/www.sp11.gliwice.pl\/?p=15845"},"modified":"2025-02-02T16:59:56","modified_gmt":"2025-02-02T15:59:56","slug":"jedenastka-ponownie-z-wizyta-w-komendzie-miejskiej-policji-w-gliwicach","status":"publish","type":"post","link":"https:\/\/www.sp11.gliwice.pl\/?p=15845","title":{"rendered":"JEDENASTKA PONOWNIE Z WIZYT\u0104 W KOMENDZIE MIEJSKIEJ POLICJI W GLIWICACH"},"content":{"rendered":"<div><span class=\"v1size\" style=\"color: #000000;\">Tym razem, uczniowie kl. 8a wraz z opiekunami odwiedzili Komend\u0119 Miejsk\u0105 Policji w Gliwicach. W ramach doradztwa zawodowego zdobywali wiedz\u0119 o zawodzie policjant, poznawali specyfik\u0119 pracy w wydzia\u0142ach, w szczeg\u00f3lno\u015bci w Wydziale Prewencji, Wydziale Ruchu Drogowego, Wydziale Kryminalnym. Nowo\u015bci\u0105 dla naszych uczni\u00f3w by\u0142o spotkanie z technikiem kryminalistyki, sposobami zbierania odcisk\u00f3w linii papilarnych, obuwia i gromadzeniem innych materia\u0142\u00f3w dowodowych. Uczniowie, Rodzice, Dyrektor szko\u0142y i Rada Pedagogiczna SP11 w Gliwicach sk\u0142adaj\u0105 serdeczne podzi\u0119kowania Komendantowi Komendy Miejskiej Policji w Gliwicach, Naczelnikowi Wydzia\u0142u Prewencji za wsp\u00f3\u0142prac\u0119, wszystkim pracownikom zaanga\u017cowanym w przedsi\u0119wzi\u0119cie, ze st. sier\u017c. p. Milen\u0105 Szyma\u0144sk\u0105 oraz asp. p. Mateuszem Pi\u00f3rkowskim na czele. Liczymy na kolejne odwiedziny w przysz\u0142ym roku szkolnym.<\/span><\/div>\n<div>&nbsp;<\/div>\n<div style=\"text-align: right;\"><em><span class=\"v1size\">Katarzyna Bober &#8211; psycholog szkolny<\/span><\/em><\/div>\n<div style=\"text-align: right;\"><em><span class=\"v1size\">Agnieszka Zwoli\u0144ska &#8211; pedagog specjalny<\/span><\/em><\/div>\n<div style=\"text-align: right;\"><em><span class=\"v1size\">Joanna Magiera &#8211; pedagog szkolny<\/span><\/em><\/div>\n<div>ngg_shortcode_0_placeholder<\/div>\n","protected":false},"excerpt":{"rendered":"<p>Tym razem, uczniowie kl. 8a wraz z opiekunami odwiedzili Komend\u0119 Miejsk\u0105 Policji w Gliwicach. W ramach doradztwa zawodowego zdobywali wiedz\u0119 o zawodzie policjant, poznawali specyfik\u0119 [&hellip;]<\/p>\n","protected":false},"author":3,"featured_media":15846,"comment_status":"closed","ping_status":"closed","sticky":false,"template":"","format":"standard","meta":{"ngg_post_thumbnail":0,"footnotes":""},"categories":[4],"tags":[],"class_list":["post-15845","post","type-post","status-publish","format-standard","has-post-thumbnail","hentry","category-aktualnosci"],"_links":{"self":[{"href":"https:\/\/www.sp11.gliwice.pl\/index.php?rest_route=\/wp\/v2\/posts\/15845","targetHints":{"allow":["GET"]}}],"collection":[{"href":"https:\/\/www.sp11.gliwice.pl\/index.php?rest_route=\/wp\/v2\/posts"}],"about":[{"href":"https:\/\/www.sp11.gliwice.pl\/index.php?rest_route=\/wp\/v2\/types\/post"}],"author":[{"embeddable":true,"href":"https:\/\/www.sp11.gliwice.pl\/index.php?rest_route=\/wp\/v2\/users\/3"}],"replies":[{"embeddable":true,"href":"https:\/\/www.sp11.gliwice.pl\/index.php?rest_route=%2Fwp%2Fv2%2Fcomments&post=15845"}],"version-history":[{"count":1,"href":"https:\/\/www.sp11.gliwice.pl\/index.php?rest_route=\/wp\/v2\/posts\/15845\/revisions"}],"predecessor-version":[{"id":15847,"href":"https:\/\/www.sp11.gliwice.pl\/index.php?rest_route=\/wp\/v2\/posts\/15845\/revisions\/15847"}],"wp:featuredmedia":[{"embeddable":true,"href":"https:\/\/www.sp11.gliwice.pl\/index.php?rest_route=\/wp\/v2\/media\/15846"}],"wp:attachment":[{"href":"https:\/\/www.sp11.gliwice.pl\/index.php?rest_route=%2Fwp%2Fv2%2Fmedia&parent=15845"}],"wp:term":[{"taxonomy":"category","embeddable":true,"href":"https:\/\/www.sp11.gliwice.pl\/index.php?rest_route=%2Fwp%2Fv2%2Fcategories&post=15845"},{"taxonomy":"post_tag","embeddable":true,"href":"https:\/\/www.sp11.gliwice.pl\/index.php?rest_route=%2Fwp%2Fv2%2Ftags&post=15845"}],"curies":[{"name":"wp","href":"https:\/\/api.w.org\/{rel}","templated":true}]}}