{"id":15785,"date":"2025-01-22T19:06:12","date_gmt":"2025-01-22T18:06:12","guid":{"rendered":"https:\/\/www.sp11.gliwice.pl\/?p=15785"},"modified":"2025-01-22T19:38:03","modified_gmt":"2025-01-22T18:38:03","slug":"wycieczka-klasy-7-na-komende-policji","status":"publish","type":"post","link":"https:\/\/www.sp11.gliwice.pl\/?p=15785","title":{"rendered":"Wycieczka klasy 7 na Komend\u0119 Policji"},"content":{"rendered":"<p><span style=\"color: #000000;\">W dniu 20.01.2025 r. klasa 7a pod opiek\u0105 szkolnych specjalist\u00f3w uda\u0142a si\u0119 do Komendy Miejskiej Policji w Gliwicach. Tam, pod czujnym okiem st. sier\u017c. &#8211; pani Mileny Szyma\u0144skiej, uczniowie mieli okazj\u0119 zapozna\u0107 si\u0119 ze specyfik\u0105 zawodu policjanta, prac\u0105 w poszczeg\u00f3lnych wydzia\u0142ach. Spotkanie rozpocz\u0119\u0142o si\u0119 projekcj\u0105 filmu dotycz\u0105cego szkolenia wst\u0119pnego w Szkole Policji w Szczytnie, kt\u00f3re ka\u017cdy policjant musi odby\u0107 i pomy\u015blnie zako\u0144czy\u0107 przed rozpocz\u0119ciem w\u0142a\u015bciwej s\u0142u\u017cby w jednostce. Podczas spotkania, uczniowie mogli zaspokoi\u0107 ciekawo\u015b\u0107 i zapozna\u0107 si\u0119 z wyposa\u017ceniem policjanta na s\u0142u\u017cbie, obejrze\u0107 z zewn\u0105trz pomieszczenie dla os\u00f3b zatrzymanych. Najciekawszym punktem wycieczki by\u0142a wizyta grupy w Wydziale Kryminalnym, gdzie uczniowie dowiedzieli si\u0119 na czym polega praca technika kryminalistyki. Szczeg\u00f3lne zainteresowanie wzbudzi\u0142a cz\u0119\u015b\u0107 praktyczna zaj\u0119\u0107 &#8211; zbieranie odcisk\u00f3w linii papilarnych i zabezpieczanie ich. Wycieczka odby\u0142a si\u0119 w ramach realizacji Szkolnego Programu Wychowawczo-Profilaktycznego, w szczeg\u00f3lno\u015bci zaj\u0119\u0107 z doradztwa zawodowego. Bardzo dzi\u0119kujemy Komendantowi Policji w Gliwicach &#8211; panu inspektorowi Dariuszowi Fuks, Naczelnikowi Wydzia\u0142u Prewencji &#8211; asp. szt. &#8211; panu Jackowi Kroczkowi za wyra\u017cenie zgody na podj\u0119cie wsp\u00f3\u0142pracy. Podzi\u0119kowania kierujemy r\u00f3wnie\u017c do Kierownika Referatu Techniki Kryminalistycznej &#8211; st. asp. &#8211; pana Sebastiana Bieniek oraz st. sier\u017c. &#8211; pani Mileny Szyma\u0144skiej za ciep\u0142e i profesjonalne przyj\u0119cie nas w swojej pracy. Kolejne odwiedziny ju\u017c niebawem. Tymczasem zapraszamy do obejrzenia zdj\u0119\u0107 z naszej wycieczki.<\/span><\/p>\n<p style=\"text-align: right;\"><em>Agnieszka Zwoli\u0144ska &#8211; pedagog specjalny<\/em><br \/>\n<em>Joanna Magiera &#8211; pedagog szkolny<\/em><\/p>\nngg_shortcode_0_placeholder\n","protected":false},"excerpt":{"rendered":"<p>W dniu 20.01.2025 r. klasa 7a pod opiek\u0105 szkolnych specjalist\u00f3w uda\u0142a si\u0119 do Komendy Miejskiej Policji w Gliwicach. Tam, pod czujnym okiem st. sier\u017c. &#8211; [&hellip;]<\/p>\n","protected":false},"author":3,"featured_media":15786,"comment_status":"closed","ping_status":"closed","sticky":false,"template":"","format":"standard","meta":{"ngg_post_thumbnail":0,"footnotes":""},"categories":[4],"tags":[],"class_list":["post-15785","post","type-post","status-publish","format-standard","has-post-thumbnail","hentry","category-aktualnosci"],"_links":{"self":[{"href":"https:\/\/www.sp11.gliwice.pl\/index.php?rest_route=\/wp\/v2\/posts\/15785","targetHints":{"allow":["GET"]}}],"collection":[{"href":"https:\/\/www.sp11.gliwice.pl\/index.php?rest_route=\/wp\/v2\/posts"}],"about":[{"href":"https:\/\/www.sp11.gliwice.pl\/index.php?rest_route=\/wp\/v2\/types\/post"}],"author":[{"embeddable":true,"href":"https:\/\/www.sp11.gliwice.pl\/index.php?rest_route=\/wp\/v2\/users\/3"}],"replies":[{"embeddable":true,"href":"https:\/\/www.sp11.gliwice.pl\/index.php?rest_route=%2Fwp%2Fv2%2Fcomments&post=15785"}],"version-history":[{"count":2,"href":"https:\/\/www.sp11.gliwice.pl\/index.php?rest_route=\/wp\/v2\/posts\/15785\/revisions"}],"predecessor-version":[{"id":15791,"href":"https:\/\/www.sp11.gliwice.pl\/index.php?rest_route=\/wp\/v2\/posts\/15785\/revisions\/15791"}],"wp:featuredmedia":[{"embeddable":true,"href":"https:\/\/www.sp11.gliwice.pl\/index.php?rest_route=\/wp\/v2\/media\/15786"}],"wp:attachment":[{"href":"https:\/\/www.sp11.gliwice.pl\/index.php?rest_route=%2Fwp%2Fv2%2Fmedia&parent=15785"}],"wp:term":[{"taxonomy":"category","embeddable":true,"href":"https:\/\/www.sp11.gliwice.pl\/index.php?rest_route=%2Fwp%2Fv2%2Fcategories&post=15785"},{"taxonomy":"post_tag","embeddable":true,"href":"https:\/\/www.sp11.gliwice.pl\/index.php?rest_route=%2Fwp%2Fv2%2Ftags&post=15785"}],"curies":[{"name":"wp","href":"https:\/\/api.w.org\/{rel}","templated":true}]}}