{"id":15724,"date":"2025-01-19T18:59:06","date_gmt":"2025-01-19T17:59:06","guid":{"rendered":"https:\/\/www.sp11.gliwice.pl\/?p=15724"},"modified":"2025-01-19T18:59:06","modified_gmt":"2025-01-19T17:59:06","slug":"dzien-kubusia-puchatka-w-przedszkolu-2","status":"publish","type":"post","link":"https:\/\/www.sp11.gliwice.pl\/?p=15724","title":{"rendered":"Dzie\u0144 Kubusia Puchatka w przedszkolu :)"},"content":{"rendered":"<p><span style=\"color: #000000;\">17.01 w naszym przedszkolu obchodzili\u015bmy Dzie\u0144 Kubusia Puchatka. Kubu\u015b to posta\u0107, kt\u00f3ra uczy empatii, przyja\u017ani czy bezinteresownej pomocy. W tym dniu na dzieci czeka\u0142o kilka atrakcji. Na pocz\u0105tek poznali\u015bmy histori\u0119 powstania Kubusia Puchatka. Nast\u0119pnymi zadaniami by\u0142 quiz, zagadki, misiowa gimnastyka i ta\u0144ce. Przeczytali\u015bmy r\u00f3wnie\u017c bajk\u0119, dzi\u0119ki kt\u00f3rej przedszkolaki pozna\u0142y wszystkich przyjaci\u00f3\u0142 Kubusia Puchatka ze Stumilowego Lasu. Na zako\u0144czenie wszyscy wykonali prace plastyczne z wizerunkiem Kubusia.<\/span><\/p>\n<p style=\"text-align: right;\"><em>mgr Natalia Jarocka<\/em><\/p>\nngg_shortcode_0_placeholder\n","protected":false},"excerpt":{"rendered":"<p>17.01 w naszym przedszkolu obchodzili\u015bmy Dzie\u0144 Kubusia Puchatka. Kubu\u015b to posta\u0107, kt\u00f3ra uczy empatii, przyja\u017ani czy bezinteresownej pomocy. W tym dniu na dzieci czeka\u0142o kilka [&hellip;]<\/p>\n","protected":false},"author":3,"featured_media":15725,"comment_status":"closed","ping_status":"closed","sticky":false,"template":"","format":"standard","meta":{"ngg_post_thumbnail":0,"footnotes":""},"categories":[4],"tags":[],"class_list":["post-15724","post","type-post","status-publish","format-standard","has-post-thumbnail","hentry","category-aktualnosci"],"_links":{"self":[{"href":"https:\/\/www.sp11.gliwice.pl\/index.php?rest_route=\/wp\/v2\/posts\/15724","targetHints":{"allow":["GET"]}}],"collection":[{"href":"https:\/\/www.sp11.gliwice.pl\/index.php?rest_route=\/wp\/v2\/posts"}],"about":[{"href":"https:\/\/www.sp11.gliwice.pl\/index.php?rest_route=\/wp\/v2\/types\/post"}],"author":[{"embeddable":true,"href":"https:\/\/www.sp11.gliwice.pl\/index.php?rest_route=\/wp\/v2\/users\/3"}],"replies":[{"embeddable":true,"href":"https:\/\/www.sp11.gliwice.pl\/index.php?rest_route=%2Fwp%2Fv2%2Fcomments&post=15724"}],"version-history":[{"count":1,"href":"https:\/\/www.sp11.gliwice.pl\/index.php?rest_route=\/wp\/v2\/posts\/15724\/revisions"}],"predecessor-version":[{"id":15726,"href":"https:\/\/www.sp11.gliwice.pl\/index.php?rest_route=\/wp\/v2\/posts\/15724\/revisions\/15726"}],"wp:featuredmedia":[{"embeddable":true,"href":"https:\/\/www.sp11.gliwice.pl\/index.php?rest_route=\/wp\/v2\/media\/15725"}],"wp:attachment":[{"href":"https:\/\/www.sp11.gliwice.pl\/index.php?rest_route=%2Fwp%2Fv2%2Fmedia&parent=15724"}],"wp:term":[{"taxonomy":"category","embeddable":true,"href":"https:\/\/www.sp11.gliwice.pl\/index.php?rest_route=%2Fwp%2Fv2%2Fcategories&post=15724"},{"taxonomy":"post_tag","embeddable":true,"href":"https:\/\/www.sp11.gliwice.pl\/index.php?rest_route=%2Fwp%2Fv2%2Ftags&post=15724"}],"curies":[{"name":"wp","href":"https:\/\/api.w.org\/{rel}","templated":true}]}}