{"id":15652,"date":"2024-12-23T11:35:19","date_gmt":"2024-12-23T10:35:19","guid":{"rendered":"https:\/\/www.sp11.gliwice.pl\/?p=15652"},"modified":"2025-01-02T12:25:41","modified_gmt":"2025-01-02T11:25:41","slug":"konkurs-w-jezyku-niemieckim","status":"publish","type":"post","link":"https:\/\/www.sp11.gliwice.pl\/?p=15652","title":{"rendered":"Konkurs w j\u0119zyku niemieckim"},"content":{"rendered":"<p><span style=\"color: #000000;\"><strong>20 grudnia odby\u0142o si\u0119 wr\u0119czenie nagr\u00f3d za szkolny konkurs j\u0119zykowo- plastyczny na kartk\u0119 bo\u017conarodzeniow\u0105 w j\u0119zyku niemieckim dla klas I-III. <\/strong>W poniedzia\u0142ek 16 grudnia zebra\u0142a si\u0119 komisja, kt\u00f3ra oceni\u0142a kartki i wy\u0142oni\u0142a zwyci\u0119zc\u00f3w. Wyniki konkursu przedstawiaj\u0105 si\u0119 nast\u0119puj\u0105co:<\/span><\/p>\n<p><span style=\"color: #000000;\">I miejsce- Zofia Bartoszek, kl. Ia<\/span><\/p>\n<p><span style=\"color: #000000;\">II miejsce- Alicja Buchta, kl. IIa<\/span><\/p>\n<p><span style=\"color: #000000;\">III miejsce- Jan Prus, kl. Ia<\/span><\/p>\n<p><span style=\"color: #000000;\">Zwyci\u0119zcom gratulujemy i dzi\u0119kujemy wszystkim uczniom za udzia\u0142 w konkursie!<\/span><\/p>\nngg_shortcode_0_placeholder\n<p style=\"text-align: right;\"><em>mgr Ma\u0142gorzata Pawe\u0142ek<\/em><\/p>\n","protected":false},"excerpt":{"rendered":"<p>20 grudnia odby\u0142o si\u0119 wr\u0119czenie nagr\u00f3d za szkolny konkurs j\u0119zykowo- plastyczny na kartk\u0119 bo\u017conarodzeniow\u0105 w j\u0119zyku niemieckim dla klas I-III. W poniedzia\u0142ek 16 grudnia zebra\u0142a [&hellip;]<\/p>\n","protected":false},"author":3,"featured_media":15653,"comment_status":"closed","ping_status":"closed","sticky":false,"template":"","format":"standard","meta":{"ngg_post_thumbnail":0,"footnotes":""},"categories":[4],"tags":[],"class_list":["post-15652","post","type-post","status-publish","format-standard","has-post-thumbnail","hentry","category-aktualnosci"],"_links":{"self":[{"href":"https:\/\/www.sp11.gliwice.pl\/index.php?rest_route=\/wp\/v2\/posts\/15652","targetHints":{"allow":["GET"]}}],"collection":[{"href":"https:\/\/www.sp11.gliwice.pl\/index.php?rest_route=\/wp\/v2\/posts"}],"about":[{"href":"https:\/\/www.sp11.gliwice.pl\/index.php?rest_route=\/wp\/v2\/types\/post"}],"author":[{"embeddable":true,"href":"https:\/\/www.sp11.gliwice.pl\/index.php?rest_route=\/wp\/v2\/users\/3"}],"replies":[{"embeddable":true,"href":"https:\/\/www.sp11.gliwice.pl\/index.php?rest_route=%2Fwp%2Fv2%2Fcomments&post=15652"}],"version-history":[{"count":2,"href":"https:\/\/www.sp11.gliwice.pl\/index.php?rest_route=\/wp\/v2\/posts\/15652\/revisions"}],"predecessor-version":[{"id":15678,"href":"https:\/\/www.sp11.gliwice.pl\/index.php?rest_route=\/wp\/v2\/posts\/15652\/revisions\/15678"}],"wp:featuredmedia":[{"embeddable":true,"href":"https:\/\/www.sp11.gliwice.pl\/index.php?rest_route=\/wp\/v2\/media\/15653"}],"wp:attachment":[{"href":"https:\/\/www.sp11.gliwice.pl\/index.php?rest_route=%2Fwp%2Fv2%2Fmedia&parent=15652"}],"wp:term":[{"taxonomy":"category","embeddable":true,"href":"https:\/\/www.sp11.gliwice.pl\/index.php?rest_route=%2Fwp%2Fv2%2Fcategories&post=15652"},{"taxonomy":"post_tag","embeddable":true,"href":"https:\/\/www.sp11.gliwice.pl\/index.php?rest_route=%2Fwp%2Fv2%2Ftags&post=15652"}],"curies":[{"name":"wp","href":"https:\/\/api.w.org\/{rel}","templated":true}]}}