{"id":15576,"date":"2024-12-19T10:02:21","date_gmt":"2024-12-19T09:02:21","guid":{"rendered":"https:\/\/www.sp11.gliwice.pl\/?p=15576"},"modified":"2024-12-19T10:02:21","modified_gmt":"2024-12-19T09:02:21","slug":"zima-w-oczach-dziecka","status":"publish","type":"post","link":"https:\/\/www.sp11.gliwice.pl\/?p=15576","title":{"rendered":"Zima w oczach dziecka"},"content":{"rendered":"<p><span style=\"color: #000000;\">W grudniu og\u0142oszono w naszym przedszkolu Rodzinny Konkurs Plastyczny &#8221; Zima w oczach dziecka&#8221;. Prac nap\u0142yn\u0119\u0142o niewiele, ale mimo to Jury pod przewodnictwem p.Dyrektora wybra\u0142o 3 najlepsze prace.<\/span><\/p>\n<div dir=\"auto\"><span style=\"color: #000000;\">&nbsp;Laureatk\u0105 I miejsca zosta\u0142a Diana z grupy &#8222;Je\u017cyki&#8221;. Uczestnicy otrzymali pami\u0105tkowe dyplomiki i ma\u0142e co nieco.Gratulujemy!<\/span><\/div>\n<div dir=\"auto\" style=\"text-align: right;\"><em>mgr Cecylia Pierzcha\u0142a<\/em><\/div>\n<div dir=\"auto\">ngg_shortcode_0_placeholder<\/div>\n","protected":false},"excerpt":{"rendered":"<p>W grudniu og\u0142oszono w naszym przedszkolu Rodzinny Konkurs Plastyczny &#8221; Zima w oczach dziecka&#8221;. Prac nap\u0142yn\u0119\u0142o niewiele, ale mimo to Jury pod przewodnictwem p.Dyrektora wybra\u0142o [&hellip;]<\/p>\n","protected":false},"author":3,"featured_media":15577,"comment_status":"closed","ping_status":"closed","sticky":false,"template":"","format":"standard","meta":{"ngg_post_thumbnail":0,"footnotes":""},"categories":[4],"tags":[],"class_list":["post-15576","post","type-post","status-publish","format-standard","has-post-thumbnail","hentry","category-aktualnosci"],"_links":{"self":[{"href":"https:\/\/www.sp11.gliwice.pl\/index.php?rest_route=\/wp\/v2\/posts\/15576","targetHints":{"allow":["GET"]}}],"collection":[{"href":"https:\/\/www.sp11.gliwice.pl\/index.php?rest_route=\/wp\/v2\/posts"}],"about":[{"href":"https:\/\/www.sp11.gliwice.pl\/index.php?rest_route=\/wp\/v2\/types\/post"}],"author":[{"embeddable":true,"href":"https:\/\/www.sp11.gliwice.pl\/index.php?rest_route=\/wp\/v2\/users\/3"}],"replies":[{"embeddable":true,"href":"https:\/\/www.sp11.gliwice.pl\/index.php?rest_route=%2Fwp%2Fv2%2Fcomments&post=15576"}],"version-history":[{"count":1,"href":"https:\/\/www.sp11.gliwice.pl\/index.php?rest_route=\/wp\/v2\/posts\/15576\/revisions"}],"predecessor-version":[{"id":15578,"href":"https:\/\/www.sp11.gliwice.pl\/index.php?rest_route=\/wp\/v2\/posts\/15576\/revisions\/15578"}],"wp:featuredmedia":[{"embeddable":true,"href":"https:\/\/www.sp11.gliwice.pl\/index.php?rest_route=\/wp\/v2\/media\/15577"}],"wp:attachment":[{"href":"https:\/\/www.sp11.gliwice.pl\/index.php?rest_route=%2Fwp%2Fv2%2Fmedia&parent=15576"}],"wp:term":[{"taxonomy":"category","embeddable":true,"href":"https:\/\/www.sp11.gliwice.pl\/index.php?rest_route=%2Fwp%2Fv2%2Fcategories&post=15576"},{"taxonomy":"post_tag","embeddable":true,"href":"https:\/\/www.sp11.gliwice.pl\/index.php?rest_route=%2Fwp%2Fv2%2Ftags&post=15576"}],"curies":[{"name":"wp","href":"https:\/\/api.w.org\/{rel}","templated":true}]}}