{"id":15476,"date":"2024-12-18T09:32:39","date_gmt":"2024-12-18T08:32:39","guid":{"rendered":"https:\/\/www.sp11.gliwice.pl\/?p=15476"},"modified":"2024-12-18T09:32:39","modified_gmt":"2024-12-18T08:32:39","slug":"konkurs-swiateczny-z-jezyka-niemieckiego","status":"publish","type":"post","link":"https:\/\/www.sp11.gliwice.pl\/?p=15476","title":{"rendered":"Konkurs \u015bwi\u0105teczny z j\u0119zyka niemieckiego"},"content":{"rendered":"<p><span style=\"color: #000000;\">Uczniowie klas IV-VIII wzi\u0119li udzia\u0142 w <em>I Wojew\u00f3dzkim Konkursie J\u0119zykowo-Plastycznym<\/em> \u201eWunder der Weihnachtskarte\u201d- \u201eCud \u015bwi\u0105tecznej kartki\u201d. Konkurs polega\u0142 na wykonaniu kartki bo\u017conarodzeniowej (z motywem \u015bwi\u0105tecznym) i umieszczeniu na niej \u017cycze\u0144 w j\u0119zyku niemieckim. Wielu uczni\u00f3w z naszej szko\u0142y wykaza\u0142o kreatywno\u015b\u0107 i zaanga\u017cowanie w wykonanie kartek bo\u017conarodzeniowych. Teraz czekamy z niecierpliwo\u015bci\u0105 na wyniki!<\/span><\/p>\n<p style=\"text-align: right;\"><em>mgr Ma\u0142gorzata Pawe\u0142ek<\/em><\/p>\nngg_shortcode_0_placeholder\n","protected":false},"excerpt":{"rendered":"<p>Uczniowie klas IV-VIII wzi\u0119li udzia\u0142 w I Wojew\u00f3dzkim Konkursie J\u0119zykowo-Plastycznym \u201eWunder der Weihnachtskarte\u201d- \u201eCud \u015bwi\u0105tecznej kartki\u201d. Konkurs polega\u0142 na wykonaniu kartki bo\u017conarodzeniowej (z motywem \u015bwi\u0105tecznym) [&hellip;]<\/p>\n","protected":false},"author":3,"featured_media":15477,"comment_status":"closed","ping_status":"closed","sticky":false,"template":"","format":"standard","meta":{"ngg_post_thumbnail":0,"footnotes":""},"categories":[4],"tags":[],"class_list":["post-15476","post","type-post","status-publish","format-standard","has-post-thumbnail","hentry","category-aktualnosci"],"_links":{"self":[{"href":"https:\/\/www.sp11.gliwice.pl\/index.php?rest_route=\/wp\/v2\/posts\/15476","targetHints":{"allow":["GET"]}}],"collection":[{"href":"https:\/\/www.sp11.gliwice.pl\/index.php?rest_route=\/wp\/v2\/posts"}],"about":[{"href":"https:\/\/www.sp11.gliwice.pl\/index.php?rest_route=\/wp\/v2\/types\/post"}],"author":[{"embeddable":true,"href":"https:\/\/www.sp11.gliwice.pl\/index.php?rest_route=\/wp\/v2\/users\/3"}],"replies":[{"embeddable":true,"href":"https:\/\/www.sp11.gliwice.pl\/index.php?rest_route=%2Fwp%2Fv2%2Fcomments&post=15476"}],"version-history":[{"count":1,"href":"https:\/\/www.sp11.gliwice.pl\/index.php?rest_route=\/wp\/v2\/posts\/15476\/revisions"}],"predecessor-version":[{"id":15478,"href":"https:\/\/www.sp11.gliwice.pl\/index.php?rest_route=\/wp\/v2\/posts\/15476\/revisions\/15478"}],"wp:featuredmedia":[{"embeddable":true,"href":"https:\/\/www.sp11.gliwice.pl\/index.php?rest_route=\/wp\/v2\/media\/15477"}],"wp:attachment":[{"href":"https:\/\/www.sp11.gliwice.pl\/index.php?rest_route=%2Fwp%2Fv2%2Fmedia&parent=15476"}],"wp:term":[{"taxonomy":"category","embeddable":true,"href":"https:\/\/www.sp11.gliwice.pl\/index.php?rest_route=%2Fwp%2Fv2%2Fcategories&post=15476"},{"taxonomy":"post_tag","embeddable":true,"href":"https:\/\/www.sp11.gliwice.pl\/index.php?rest_route=%2Fwp%2Fv2%2Ftags&post=15476"}],"curies":[{"name":"wp","href":"https:\/\/api.w.org\/{rel}","templated":true}]}}