{"id":15467,"date":"2024-12-11T12:14:15","date_gmt":"2024-12-11T11:14:15","guid":{"rendered":"https:\/\/www.sp11.gliwice.pl\/?p=15467"},"modified":"2024-12-11T12:14:30","modified_gmt":"2024-12-11T11:14:30","slug":"akcja-dla-pieczy-zastepczej","status":"publish","type":"post","link":"https:\/\/www.sp11.gliwice.pl\/?p=15467","title":{"rendered":"Akcja dla Pieczy Zast\u0119pczej"},"content":{"rendered":"<p><span style=\"color: #000000;\">Fundusze, kt\u00f3re zebrali\u015bmy ze sprzeda\u017cy babeczek, podczas Dnia \u017byczliwo\u015bci 21 listopada, przeznaczone zosta\u0142y za zakup materia\u0142\u00f3w plastycznych i dekoracyjnych dla dzieci przebywaj\u0105cych w pieczy zast\u0119pczej i dla rodzin zast\u0119pczych.<\/span><br \/>\n<span style=\"color: #000000;\">Dzi\u0119kujemy Wszystkim za udzia\u0142 w akcji! \ud83d\ude42<br \/>\n<\/span><\/p>\n<p><em><span style=\"color: #000000;\">&#8222;Prawdziwym bogactwem cz\u0142owieka jest dobro, jakie czyni dla \u015bwiata&#8221;<\/span><\/em><br \/>\n<em><span style=\"color: #000000;\">Mahomet<\/span><\/em><\/p>\nngg_shortcode_0_placeholder\n","protected":false},"excerpt":{"rendered":"<p>Fundusze, kt\u00f3re zebrali\u015bmy ze sprzeda\u017cy babeczek, podczas Dnia \u017byczliwo\u015bci 21 listopada, przeznaczone zosta\u0142y za zakup materia\u0142\u00f3w plastycznych i dekoracyjnych dla dzieci przebywaj\u0105cych w pieczy zast\u0119pczej [&hellip;]<\/p>\n","protected":false},"author":3,"featured_media":15469,"comment_status":"closed","ping_status":"closed","sticky":false,"template":"","format":"standard","meta":{"ngg_post_thumbnail":0,"footnotes":""},"categories":[4],"tags":[],"class_list":["post-15467","post","type-post","status-publish","format-standard","has-post-thumbnail","hentry","category-aktualnosci"],"_links":{"self":[{"href":"https:\/\/www.sp11.gliwice.pl\/index.php?rest_route=\/wp\/v2\/posts\/15467","targetHints":{"allow":["GET"]}}],"collection":[{"href":"https:\/\/www.sp11.gliwice.pl\/index.php?rest_route=\/wp\/v2\/posts"}],"about":[{"href":"https:\/\/www.sp11.gliwice.pl\/index.php?rest_route=\/wp\/v2\/types\/post"}],"author":[{"embeddable":true,"href":"https:\/\/www.sp11.gliwice.pl\/index.php?rest_route=\/wp\/v2\/users\/3"}],"replies":[{"embeddable":true,"href":"https:\/\/www.sp11.gliwice.pl\/index.php?rest_route=%2Fwp%2Fv2%2Fcomments&post=15467"}],"version-history":[{"count":1,"href":"https:\/\/www.sp11.gliwice.pl\/index.php?rest_route=\/wp\/v2\/posts\/15467\/revisions"}],"predecessor-version":[{"id":15468,"href":"https:\/\/www.sp11.gliwice.pl\/index.php?rest_route=\/wp\/v2\/posts\/15467\/revisions\/15468"}],"wp:featuredmedia":[{"embeddable":true,"href":"https:\/\/www.sp11.gliwice.pl\/index.php?rest_route=\/wp\/v2\/media\/15469"}],"wp:attachment":[{"href":"https:\/\/www.sp11.gliwice.pl\/index.php?rest_route=%2Fwp%2Fv2%2Fmedia&parent=15467"}],"wp:term":[{"taxonomy":"category","embeddable":true,"href":"https:\/\/www.sp11.gliwice.pl\/index.php?rest_route=%2Fwp%2Fv2%2Fcategories&post=15467"},{"taxonomy":"post_tag","embeddable":true,"href":"https:\/\/www.sp11.gliwice.pl\/index.php?rest_route=%2Fwp%2Fv2%2Ftags&post=15467"}],"curies":[{"name":"wp","href":"https:\/\/api.w.org\/{rel}","templated":true}]}}