{"id":15416,"date":"2024-12-08T10:47:23","date_gmt":"2024-12-08T09:47:23","guid":{"rendered":"https:\/\/www.sp11.gliwice.pl\/?p=15416"},"modified":"2024-12-08T10:47:23","modified_gmt":"2024-12-08T09:47:23","slug":"miedzynarodowy-dzien-wolontariusza-na-gliwickim-rynku","status":"publish","type":"post","link":"https:\/\/www.sp11.gliwice.pl\/?p=15416","title":{"rendered":"Mi\u0119dzynarodowy Dzie\u0144 Wolontariusza na Gliwickim Rynku"},"content":{"rendered":"<p><span style=\"color: #000000;\">Jak co roku Gliwicki O\u015brodek Dzia\u0142a\u0144 Spo\u0142ecznych Centrum 3.0 \u2013 we wsp\u00f3\u0142pracy z Centrum Kultury Victoria, zaprosi\u0142 mieszka\u0144c\u00f3w Gliwic do wsp\u00f3lnego \u015bwi\u0119towania Mi\u0119dzynarodowego Dnia Wolontariusza.<\/span><\/p>\n<p><span style=\"color: #000000;\">W sobot\u0119 7 grudnia na przepi\u0119knie udekorowanym \u015bwi\u0105tecznie Rynku Gliwickim, prezydent Gliwic pan \u0141ukasz Gorczy\u0144ski, przywita\u0142 wszystkich wolontariuszy i podzi\u0119kowa\u0142 za ich bezinteresown\u0105 prac\u0119, zaanga\u017cowanie, \u017cyczliwo\u015b\u0107 i czas po\u015bwi\u0119cony dla dobra innych, kt\u00f3rzy potrzebuj\u0105 wsparcia.&nbsp; Nast\u0119pnie zaprosi\u0142 na scen\u0119 i wr\u0119czy\u0142 wszystkim wolontariuszom dyplomy uznania. Opr\u00f3cz tego ka\u017cdy uczestnik imprezy otrzyma\u0142 r\u00f3wnie\u017c nagrod\u0119 w postaci biletu do kina Amok.<\/span><\/p>\n<p><span style=\"color: #000000;\">W\u015br\u00f3d wyr\u00f3\u017cnionych i obdarowanych znale\u017ali si\u0119 oczywi\u015bcie tak\u017ce wolontariusze ze Szkolnego Ko\u0142a Wolontariatu SP 11 &#8211; \u201ePomocne Serca\u201d wraz z opiekunkami pani\u0105 Alicj\u0105 Cielest\u0105 i Urszul\u0105 Skubacz.<\/span><\/p>\n<p><span style=\"color: #000000;\">Wolontariusze, kt\u00f3rzy nas reprezentowali to:<\/span><\/p>\n<p><span style=\"color: #000000;\">Anna Knabel, <\/span><span style=\"color: #000000;\">Martyna Zorn, <\/span><span style=\"color: #000000;\">Selena \u2013 Kwieci\u0144ska Brylok, <\/span><span style=\"color: #000000;\">Zuzanna Pyka, <\/span><span style=\"color: #000000;\">Julia Straszak, <\/span><span style=\"color: #000000;\">Oliwia Suszczyk, <\/span><span style=\"color: #000000;\">Cezary Kwieci\u0144ski \u2013 Brylok.<\/span><\/p>\n<p style=\"text-align: right;\"><em>mgr in\u017c. Urszula Skubacz<\/em><\/p>\nngg_shortcode_0_placeholder\n","protected":false},"excerpt":{"rendered":"<p>Jak co roku Gliwicki O\u015brodek Dzia\u0142a\u0144 Spo\u0142ecznych Centrum 3.0 \u2013 we wsp\u00f3\u0142pracy z Centrum Kultury Victoria, zaprosi\u0142 mieszka\u0144c\u00f3w Gliwic do wsp\u00f3lnego \u015bwi\u0119towania Mi\u0119dzynarodowego Dnia Wolontariusza. [&hellip;]<\/p>\n","protected":false},"author":3,"featured_media":15417,"comment_status":"closed","ping_status":"closed","sticky":false,"template":"","format":"standard","meta":{"ngg_post_thumbnail":0,"footnotes":""},"categories":[4],"tags":[],"class_list":["post-15416","post","type-post","status-publish","format-standard","has-post-thumbnail","hentry","category-aktualnosci"],"_links":{"self":[{"href":"https:\/\/www.sp11.gliwice.pl\/index.php?rest_route=\/wp\/v2\/posts\/15416","targetHints":{"allow":["GET"]}}],"collection":[{"href":"https:\/\/www.sp11.gliwice.pl\/index.php?rest_route=\/wp\/v2\/posts"}],"about":[{"href":"https:\/\/www.sp11.gliwice.pl\/index.php?rest_route=\/wp\/v2\/types\/post"}],"author":[{"embeddable":true,"href":"https:\/\/www.sp11.gliwice.pl\/index.php?rest_route=\/wp\/v2\/users\/3"}],"replies":[{"embeddable":true,"href":"https:\/\/www.sp11.gliwice.pl\/index.php?rest_route=%2Fwp%2Fv2%2Fcomments&post=15416"}],"version-history":[{"count":1,"href":"https:\/\/www.sp11.gliwice.pl\/index.php?rest_route=\/wp\/v2\/posts\/15416\/revisions"}],"predecessor-version":[{"id":15418,"href":"https:\/\/www.sp11.gliwice.pl\/index.php?rest_route=\/wp\/v2\/posts\/15416\/revisions\/15418"}],"wp:featuredmedia":[{"embeddable":true,"href":"https:\/\/www.sp11.gliwice.pl\/index.php?rest_route=\/wp\/v2\/media\/15417"}],"wp:attachment":[{"href":"https:\/\/www.sp11.gliwice.pl\/index.php?rest_route=%2Fwp%2Fv2%2Fmedia&parent=15416"}],"wp:term":[{"taxonomy":"category","embeddable":true,"href":"https:\/\/www.sp11.gliwice.pl\/index.php?rest_route=%2Fwp%2Fv2%2Fcategories&post=15416"},{"taxonomy":"post_tag","embeddable":true,"href":"https:\/\/www.sp11.gliwice.pl\/index.php?rest_route=%2Fwp%2Fv2%2Ftags&post=15416"}],"curies":[{"name":"wp","href":"https:\/\/api.w.org\/{rel}","templated":true}]}}