{"id":15395,"date":"2024-12-05T21:00:28","date_gmt":"2024-12-05T20:00:28","guid":{"rendered":"https:\/\/www.sp11.gliwice.pl\/?p=15395"},"modified":"2024-12-05T21:00:28","modified_gmt":"2024-12-05T20:00:28","slug":"dzien-wolontariusza-5-grudnia-2","status":"publish","type":"post","link":"https:\/\/www.sp11.gliwice.pl\/?p=15395","title":{"rendered":"Dzie\u0144 Wolontariusza 5 grudnia"},"content":{"rendered":"<div class=\"info-column info-text\">\n<div>\n<p><span style=\"color: #000000;\"><strong>5 grudnia<\/strong> obchodzimy <strong>Mi\u0119dzynarodowy Dzie\u0144 Wolontariusza<\/strong> \u2013 \u015bwi\u0119to wszystkich os\u00f3b, kt\u00f3re bezinteresownie anga\u017cuj\u0105 si\u0119 w inicjatywy na rzecz innych ludzi, \u015brodowiska, zwierz\u0105t czy otoczenia.<\/span><\/p>\n<p><span style=\"color: #000000;\">Mi\u0119dzynarodowy Dzie\u0144 Wolontariusza zosta\u0142 ustanowiony rezolucj\u0105 zgromadzenia Og\u00f3lnego ONZ w 1986 roku. Od tego czasu 5 grudnia obchodzone jest \u015bwi\u0119to wszystkich wolontariuszy. Celem obchod\u00f3w jest wyra\u017cenie uznania dla pracy wolontariuszy, kt\u00f3rzy na co dzie\u0144 anga\u017cuj\u0105 si\u0119 w dzia\u0142ania na rzecz innych.<\/span><\/p>\n<p><span style=\"color: #000000;\">Mi\u0119dzynarodowy Dzie\u0144 Wolontariusza to okazja do tego, by pokaza\u0107 \u015bwiatu, jak wielk\u0105 rol\u0119 odgrywaj\u0105 osoby zaanga\u017cowane w prac\u0119 spo\u0142eczn\u0105 na rzecz innych \u2013 na poziomie lokalnym, krajowym i mi\u0119dzynarodowym.<\/span><\/p>\n<p><span style=\"color: #000000;\">Jest to doskona\u0142y moment dla naszych wolontariuszy, by pochwalili si\u0119 zrealizowanymi inicjatywami i zach\u0119cili do wsp\u00f3\u0142dzia\u0142ania wszystkich tych, kt\u00f3rzy na razie stoj\u0105 z boku. &nbsp;&nbsp;&nbsp;&nbsp;&nbsp;&nbsp;&nbsp;&nbsp;&nbsp;&nbsp;&nbsp;&nbsp;&nbsp;&nbsp;&nbsp;&nbsp;<\/span><\/p>\n<p><span style=\"color: #000000;\">&nbsp;&nbsp;W tym celu opiekunki Szkolnego Ko\u0142a Wolontariatu \u201ePomocne serca\u201d \u2013 p.Urszula Skubacz i p.Alicja Cielesta, przygotowa\u0142y film, prezentuj\u0105cy wybrane dzia\u0142ania naszych wolontariuszy.<\/span><\/p>\n<\/div>\n<\/div>\n<p>&nbsp;<\/p>\n<p>&nbsp;<\/p>\n<p><iframe title=\"Dzie\u0144 Wolontariusza 2024\" width=\"640\" height=\"360\" src=\"https:\/\/www.youtube.com\/embed\/g4Qx2eVNGiE?feature=oembed\" frameborder=\"0\" allow=\"accelerometer; autoplay; clipboard-write; encrypted-media; gyroscope; picture-in-picture; web-share\" referrerpolicy=\"strict-origin-when-cross-origin\" allowfullscreen><\/iframe><\/p>\n","protected":false},"excerpt":{"rendered":"<p>5 grudnia obchodzimy Mi\u0119dzynarodowy Dzie\u0144 Wolontariusza \u2013 \u015bwi\u0119to wszystkich os\u00f3b, kt\u00f3re bezinteresownie anga\u017cuj\u0105 si\u0119 w inicjatywy na rzecz innych ludzi, \u015brodowiska, zwierz\u0105t czy otoczenia. Mi\u0119dzynarodowy [&hellip;]<\/p>\n","protected":false},"author":3,"featured_media":15396,"comment_status":"closed","ping_status":"closed","sticky":false,"template":"","format":"standard","meta":{"ngg_post_thumbnail":0,"footnotes":""},"categories":[4],"tags":[],"class_list":["post-15395","post","type-post","status-publish","format-standard","has-post-thumbnail","hentry","category-aktualnosci"],"_links":{"self":[{"href":"https:\/\/www.sp11.gliwice.pl\/index.php?rest_route=\/wp\/v2\/posts\/15395","targetHints":{"allow":["GET"]}}],"collection":[{"href":"https:\/\/www.sp11.gliwice.pl\/index.php?rest_route=\/wp\/v2\/posts"}],"about":[{"href":"https:\/\/www.sp11.gliwice.pl\/index.php?rest_route=\/wp\/v2\/types\/post"}],"author":[{"embeddable":true,"href":"https:\/\/www.sp11.gliwice.pl\/index.php?rest_route=\/wp\/v2\/users\/3"}],"replies":[{"embeddable":true,"href":"https:\/\/www.sp11.gliwice.pl\/index.php?rest_route=%2Fwp%2Fv2%2Fcomments&post=15395"}],"version-history":[{"count":1,"href":"https:\/\/www.sp11.gliwice.pl\/index.php?rest_route=\/wp\/v2\/posts\/15395\/revisions"}],"predecessor-version":[{"id":15397,"href":"https:\/\/www.sp11.gliwice.pl\/index.php?rest_route=\/wp\/v2\/posts\/15395\/revisions\/15397"}],"wp:featuredmedia":[{"embeddable":true,"href":"https:\/\/www.sp11.gliwice.pl\/index.php?rest_route=\/wp\/v2\/media\/15396"}],"wp:attachment":[{"href":"https:\/\/www.sp11.gliwice.pl\/index.php?rest_route=%2Fwp%2Fv2%2Fmedia&parent=15395"}],"wp:term":[{"taxonomy":"category","embeddable":true,"href":"https:\/\/www.sp11.gliwice.pl\/index.php?rest_route=%2Fwp%2Fv2%2Fcategories&post=15395"},{"taxonomy":"post_tag","embeddable":true,"href":"https:\/\/www.sp11.gliwice.pl\/index.php?rest_route=%2Fwp%2Fv2%2Ftags&post=15395"}],"curies":[{"name":"wp","href":"https:\/\/api.w.org\/{rel}","templated":true}]}}