{"id":15367,"date":"2024-12-05T20:16:41","date_gmt":"2024-12-05T19:16:41","guid":{"rendered":"https:\/\/www.sp11.gliwice.pl\/?p=15367"},"modified":"2024-12-05T20:16:41","modified_gmt":"2024-12-05T19:16:41","slug":"dzien-gornika","status":"publish","type":"post","link":"https:\/\/www.sp11.gliwice.pl\/?p=15367","title":{"rendered":"Dzie\u0144 G\u00f3rnika :)"},"content":{"rendered":"<p><span style=\"color: #000000;\">Dzie\u0144 G\u00f3rnika w naszym przedszkolu, obchodzony by\u0142 04.12.2024. Dzieci z zaciekawieniem s\u0142ucha\u0142y opowie\u015bci o pracy g\u00f3rnik\u00f3w, bra\u0142y udzia\u0142 w zabawach ruchowych oraz zaj\u0119ciach matematycznych a na zako\u0144czenie zaj\u0119\u0107 dzieci wykona\u0142y kreatywne prace plastyczne.<\/span><br \/>\n<span style=\"color: #000000;\">\ud83d\udc9d&#8221;Tam pod ziemi\u0105, w ciemnym chodniku wielu pracuje dzielnych g\u00f3rnik\u00f3w. Ci\u0119\u017cka to praca czarnego cz\u0142owieka, dzwoni\u0105 kilofy pot z czo\u0142a \u015bcieka. Gdy nam s\u0142oneczko zagl\u0105da do domu, g\u00f3rnik pracuje w kopalni zm\u0119czony. Za czarny w\u0119giel i za s\u00f3l bia\u0142\u0105. Chwa\u0142a g\u00f3rnikom dzielnym wytrwa\u0142ym&#8221; \ud83d\udc9d<\/span><\/p>\n<p style=\"text-align: right;\"><em>lic Joanna Aleksander<\/em><\/p>\nngg_shortcode_0_placeholder\n","protected":false},"excerpt":{"rendered":"<p>Dzie\u0144 G\u00f3rnika w naszym przedszkolu, obchodzony by\u0142 04.12.2024. Dzieci z zaciekawieniem s\u0142ucha\u0142y opowie\u015bci o pracy g\u00f3rnik\u00f3w, bra\u0142y udzia\u0142 w zabawach ruchowych oraz zaj\u0119ciach matematycznych a [&hellip;]<\/p>\n","protected":false},"author":3,"featured_media":15368,"comment_status":"closed","ping_status":"closed","sticky":false,"template":"","format":"standard","meta":{"ngg_post_thumbnail":0,"footnotes":""},"categories":[4],"tags":[],"class_list":["post-15367","post","type-post","status-publish","format-standard","has-post-thumbnail","hentry","category-aktualnosci"],"_links":{"self":[{"href":"https:\/\/www.sp11.gliwice.pl\/index.php?rest_route=\/wp\/v2\/posts\/15367","targetHints":{"allow":["GET"]}}],"collection":[{"href":"https:\/\/www.sp11.gliwice.pl\/index.php?rest_route=\/wp\/v2\/posts"}],"about":[{"href":"https:\/\/www.sp11.gliwice.pl\/index.php?rest_route=\/wp\/v2\/types\/post"}],"author":[{"embeddable":true,"href":"https:\/\/www.sp11.gliwice.pl\/index.php?rest_route=\/wp\/v2\/users\/3"}],"replies":[{"embeddable":true,"href":"https:\/\/www.sp11.gliwice.pl\/index.php?rest_route=%2Fwp%2Fv2%2Fcomments&post=15367"}],"version-history":[{"count":1,"href":"https:\/\/www.sp11.gliwice.pl\/index.php?rest_route=\/wp\/v2\/posts\/15367\/revisions"}],"predecessor-version":[{"id":15369,"href":"https:\/\/www.sp11.gliwice.pl\/index.php?rest_route=\/wp\/v2\/posts\/15367\/revisions\/15369"}],"wp:featuredmedia":[{"embeddable":true,"href":"https:\/\/www.sp11.gliwice.pl\/index.php?rest_route=\/wp\/v2\/media\/15368"}],"wp:attachment":[{"href":"https:\/\/www.sp11.gliwice.pl\/index.php?rest_route=%2Fwp%2Fv2%2Fmedia&parent=15367"}],"wp:term":[{"taxonomy":"category","embeddable":true,"href":"https:\/\/www.sp11.gliwice.pl\/index.php?rest_route=%2Fwp%2Fv2%2Fcategories&post=15367"},{"taxonomy":"post_tag","embeddable":true,"href":"https:\/\/www.sp11.gliwice.pl\/index.php?rest_route=%2Fwp%2Fv2%2Ftags&post=15367"}],"curies":[{"name":"wp","href":"https:\/\/api.w.org\/{rel}","templated":true}]}}