{"id":15357,"date":"2024-12-03T14:20:29","date_gmt":"2024-12-03T13:20:29","guid":{"rendered":"https:\/\/www.sp11.gliwice.pl\/?p=15357"},"modified":"2024-12-03T14:20:29","modified_gmt":"2024-12-03T13:20:29","slug":"pierwsza-pomoc-w-przedszkoluzajecia-straz-miejska-gliwice","status":"publish","type":"post","link":"https:\/\/www.sp11.gliwice.pl\/?p=15357","title":{"rendered":"Pierwsza pomoc w przedszkolu!Zaj\u0119cia &#8211; Stra\u017c Miejska Gliwice."},"content":{"rendered":"<p><span style=\"color: #000000;\">W dniu 02.12.2024 r. stra\u017cnicy miejscy odwiedzili dzieci w oddzia\u0142ach przedszkolnych, a tak\u017ce w klasie O, by oswaja\u0107 ich ju\u017c od najm\u0142odszych lat z tematem &#8222;Pierwszej pomocy przedmedycznej&#8221;. Dzieci uczy\u0142y si\u0119 zasad udzielania pierwszej pomocy, trenowa\u0142y sprawdzanie oddechu, wykonywanie masa\u017cu serca, wzywanie s\u0142u\u017cb medycznych pod numerami alarmowymi 112, 999. Przy okazji str. p. Anna Mitura i kier. p. Barbara Wodecka spotka\u0142y si\u0119 r\u00f3wnie\u017c z uczniami kl. 4a, by porozmawia\u0107 o problemie &#8222;Przemocy r\u00f3wie\u015bniczej&#8221;. Dzi\u0119kujemy pracownikom Stra\u017cy Miejskiej w Gliwicach za wsparcie w realizacji tre\u015bci zawartych w Szkolnym Programie Wychowawczo-Profilaktycznym. Do zobaczenia niebawem \ud83d\ude42<\/span><\/p>\n<p style=\"text-align: right;\"><em>pedagog szkolny<\/em><br \/>\n<em>mgr Joanna Magiera<\/em><\/p>\nngg_shortcode_0_placeholder\n","protected":false},"excerpt":{"rendered":"<p>W dniu 02.12.2024 r. stra\u017cnicy miejscy odwiedzili dzieci w oddzia\u0142ach przedszkolnych, a tak\u017ce w klasie O, by oswaja\u0107 ich ju\u017c od najm\u0142odszych lat z tematem [&hellip;]<\/p>\n","protected":false},"author":3,"featured_media":15358,"comment_status":"closed","ping_status":"closed","sticky":false,"template":"","format":"standard","meta":{"ngg_post_thumbnail":0,"footnotes":""},"categories":[4],"tags":[],"class_list":["post-15357","post","type-post","status-publish","format-standard","has-post-thumbnail","hentry","category-aktualnosci"],"_links":{"self":[{"href":"https:\/\/www.sp11.gliwice.pl\/index.php?rest_route=\/wp\/v2\/posts\/15357","targetHints":{"allow":["GET"]}}],"collection":[{"href":"https:\/\/www.sp11.gliwice.pl\/index.php?rest_route=\/wp\/v2\/posts"}],"about":[{"href":"https:\/\/www.sp11.gliwice.pl\/index.php?rest_route=\/wp\/v2\/types\/post"}],"author":[{"embeddable":true,"href":"https:\/\/www.sp11.gliwice.pl\/index.php?rest_route=\/wp\/v2\/users\/3"}],"replies":[{"embeddable":true,"href":"https:\/\/www.sp11.gliwice.pl\/index.php?rest_route=%2Fwp%2Fv2%2Fcomments&post=15357"}],"version-history":[{"count":1,"href":"https:\/\/www.sp11.gliwice.pl\/index.php?rest_route=\/wp\/v2\/posts\/15357\/revisions"}],"predecessor-version":[{"id":15359,"href":"https:\/\/www.sp11.gliwice.pl\/index.php?rest_route=\/wp\/v2\/posts\/15357\/revisions\/15359"}],"wp:featuredmedia":[{"embeddable":true,"href":"https:\/\/www.sp11.gliwice.pl\/index.php?rest_route=\/wp\/v2\/media\/15358"}],"wp:attachment":[{"href":"https:\/\/www.sp11.gliwice.pl\/index.php?rest_route=%2Fwp%2Fv2%2Fmedia&parent=15357"}],"wp:term":[{"taxonomy":"category","embeddable":true,"href":"https:\/\/www.sp11.gliwice.pl\/index.php?rest_route=%2Fwp%2Fv2%2Fcategories&post=15357"},{"taxonomy":"post_tag","embeddable":true,"href":"https:\/\/www.sp11.gliwice.pl\/index.php?rest_route=%2Fwp%2Fv2%2Ftags&post=15357"}],"curies":[{"name":"wp","href":"https:\/\/api.w.org\/{rel}","templated":true}]}}