{"id":15318,"date":"2024-12-01T21:41:31","date_gmt":"2024-12-01T20:41:31","guid":{"rendered":"https:\/\/www.sp11.gliwice.pl\/?p=15318"},"modified":"2024-12-01T21:41:31","modified_gmt":"2024-12-01T20:41:31","slug":"klasa-8a-z-wizyta-w-zamku-piastowskim","status":"publish","type":"post","link":"https:\/\/www.sp11.gliwice.pl\/?p=15318","title":{"rendered":"Klasa 8a z wizyt\u0105 w Zamku Piastowskim"},"content":{"rendered":"<p>&nbsp; <span style=\"color: #000000;\">W czwartek \u2013 28 listopada, klasa 8a, pod opiek\u0105 nauczycieli, wzi\u0119\u0142a udzia\u0142 w ciekawych warsztatach \u015bwi\u0105tecznych ,,Godne \u015awi\u0119ta w \u015bl\u0105skim domu\u201d, zorganizowanych w Zamku Piastowskim. Podczas spotkania wyruszyli\u015bmy w niezapomnian\u0105 podr\u00f3\u017c po \u015al\u0105sku \u2013 us\u0142yszeli\u015bmy o zwyczajach i tradycjach bo\u017conarodzeniowych, charakterystycznych dla tej cz\u0119\u015bci Polski, a tak\u017ce dowiedzieli\u015bmy si\u0119 \u2013 jakie zwyczaje i wierzenia zosta\u0142y ju\u017c zapomniane, a kt\u00f3re nadal s\u0105 kultywowane w naszym regionie. Nast\u0119pnie, bazuj\u0105c na w\u0142asnej pomys\u0142owo\u015bci, wykonali\u015bmy oryginalne kartki \u015bwi\u0105teczne, kt\u00f3re z pewno\u015bci\u0105 wielu z nas ju\u017c nied\u0142ugo wykorzysta \u2013 w zwi\u0105zku ze zbli\u017caj\u0105cym si\u0119 wielkimi krokami Bo\u017cym Narodzeniem.&nbsp;&nbsp;&nbsp;&nbsp;&nbsp;&nbsp;&nbsp;&nbsp;&nbsp;&nbsp;&nbsp;&nbsp;&nbsp;&nbsp;&nbsp;&nbsp;&nbsp;&nbsp;&nbsp;&nbsp;&nbsp;&nbsp;&nbsp;&nbsp;&nbsp;&nbsp;&nbsp;&nbsp;&nbsp;&nbsp;&nbsp;&nbsp;&nbsp;&nbsp;&nbsp;&nbsp;&nbsp;&nbsp;&nbsp;&nbsp;&nbsp;&nbsp;&nbsp;&nbsp;&nbsp;&nbsp;&nbsp;&nbsp;&nbsp;&nbsp;&nbsp;&nbsp;&nbsp;&nbsp;&nbsp;&nbsp;&nbsp;&nbsp;&nbsp;&nbsp;&nbsp;&nbsp;&nbsp;&nbsp;&nbsp;&nbsp;&nbsp;&nbsp;&nbsp;&nbsp;&nbsp;&nbsp;&nbsp;&nbsp;&nbsp;&nbsp;&nbsp;&nbsp;&nbsp;&nbsp;&nbsp;&nbsp;&nbsp;&nbsp;&nbsp;&nbsp;&nbsp;&nbsp;&nbsp;&nbsp;&nbsp;&nbsp;&nbsp;&nbsp;&nbsp;&nbsp;&nbsp;&nbsp;&nbsp;&nbsp;&nbsp;&nbsp;&nbsp;&nbsp;&nbsp;<\/span><\/p>\n<p><span style=\"color: #000000;\">&nbsp;&nbsp;&nbsp;&nbsp;&nbsp;&nbsp;&nbsp;&nbsp;&nbsp;&nbsp;&nbsp; Tego dnia wybrali\u015bmy si\u0119 te\u017c na spacer po centrum Gliwic \u2013 ,,szlakiem ulubionych zabytk\u00f3w\u201d. Co prawda, pogoda nam nie sprzyja\u0142a, ale i tak \u015bwietnie si\u0119 bawili\u015bmy, korzystaj\u0105c z zaproponowanych atrakcji.<\/span><\/p>\n<p style=\"text-align: right;\"><em>mgr Izabella Jureczko<\/em><\/p>\n<p>ngg_shortcode_0_placeholder<strong>&nbsp;<\/strong><\/p>\n","protected":false},"excerpt":{"rendered":"<p>&nbsp; W czwartek \u2013 28 listopada, klasa 8a, pod opiek\u0105 nauczycieli, wzi\u0119\u0142a udzia\u0142 w ciekawych warsztatach \u015bwi\u0105tecznych ,,Godne \u015awi\u0119ta w \u015bl\u0105skim domu\u201d, zorganizowanych w Zamku [&hellip;]<\/p>\n","protected":false},"author":3,"featured_media":15319,"comment_status":"closed","ping_status":"closed","sticky":false,"template":"","format":"standard","meta":{"ngg_post_thumbnail":0,"footnotes":""},"categories":[4],"tags":[],"class_list":["post-15318","post","type-post","status-publish","format-standard","has-post-thumbnail","hentry","category-aktualnosci"],"_links":{"self":[{"href":"https:\/\/www.sp11.gliwice.pl\/index.php?rest_route=\/wp\/v2\/posts\/15318","targetHints":{"allow":["GET"]}}],"collection":[{"href":"https:\/\/www.sp11.gliwice.pl\/index.php?rest_route=\/wp\/v2\/posts"}],"about":[{"href":"https:\/\/www.sp11.gliwice.pl\/index.php?rest_route=\/wp\/v2\/types\/post"}],"author":[{"embeddable":true,"href":"https:\/\/www.sp11.gliwice.pl\/index.php?rest_route=\/wp\/v2\/users\/3"}],"replies":[{"embeddable":true,"href":"https:\/\/www.sp11.gliwice.pl\/index.php?rest_route=%2Fwp%2Fv2%2Fcomments&post=15318"}],"version-history":[{"count":1,"href":"https:\/\/www.sp11.gliwice.pl\/index.php?rest_route=\/wp\/v2\/posts\/15318\/revisions"}],"predecessor-version":[{"id":15320,"href":"https:\/\/www.sp11.gliwice.pl\/index.php?rest_route=\/wp\/v2\/posts\/15318\/revisions\/15320"}],"wp:featuredmedia":[{"embeddable":true,"href":"https:\/\/www.sp11.gliwice.pl\/index.php?rest_route=\/wp\/v2\/media\/15319"}],"wp:attachment":[{"href":"https:\/\/www.sp11.gliwice.pl\/index.php?rest_route=%2Fwp%2Fv2%2Fmedia&parent=15318"}],"wp:term":[{"taxonomy":"category","embeddable":true,"href":"https:\/\/www.sp11.gliwice.pl\/index.php?rest_route=%2Fwp%2Fv2%2Fcategories&post=15318"},{"taxonomy":"post_tag","embeddable":true,"href":"https:\/\/www.sp11.gliwice.pl\/index.php?rest_route=%2Fwp%2Fv2%2Ftags&post=15318"}],"curies":[{"name":"wp","href":"https:\/\/api.w.org\/{rel}","templated":true}]}}