{"id":15295,"date":"2024-12-01T21:27:37","date_gmt":"2024-12-01T20:27:37","guid":{"rendered":"https:\/\/www.sp11.gliwice.pl\/?p=15295"},"modified":"2024-12-01T21:27:37","modified_gmt":"2024-12-01T20:27:37","slug":"jedenastka-na-targach-zawodow","status":"publish","type":"post","link":"https:\/\/www.sp11.gliwice.pl\/?p=15295","title":{"rendered":"Jedenastka na Targach Zawod\u00f3w!"},"content":{"rendered":"<p><span style=\"color: #000000;\">W odpowiedzi na zaproszenie, klasa 7a w dniu 28.11.2024 r., pod opiek\u0105 wychowawcy i pedagoga szkolnego wzi\u0119\u0142a udzia\u0142 w X Gliwickich Targach Zawod\u00f3w, kt\u00f3re tradycyjnie odby\u0142y si\u0119 na terenie hali sportowej w Centrum Kszta\u0142cenia Zawodowego i Ustawicznego nr 1 w Gliwicach. Uczniowie mieli okazj\u0119 zapozna\u0107 si\u0119 na \u017cywo z ofert\u0105 kszta\u0142cenia w r\u00f3\u017cnych zawodach w naszym mie\u015bcie, porozmawia\u0107 z przedstawicielami szk\u00f3\u0142, a tak\u017ce innych instytucji tj. Cech Rzemios\u0142 R\u00f3\u017cnych i Przedsi\u0119biorczo\u015bci w Gliwicach, 12-9 Hufiec Pracy w Gliwicach. Wizytowaniu stanowisk towarzyszy\u0142a muzyka i pokazy taneczne. To pierwszy krok wykonany przez uczni\u00f3w w kierunku podj\u0119cia w przysz\u0142o\u015bci decyzji edukacyjnych. Oby by\u0142y trafione, dawa\u0142y naszym uczniom poczucie spe\u0142nienia, a ich rodzicom rado\u015b\u0107 i zadowolenie.<\/span><\/p>\n<p style=\"text-align: right;\"><em>mgr Alicja Cielesta<\/em><br \/>\n<em>mgr Joanna Magiera<\/em><\/p>\nngg_shortcode_0_placeholder\n","protected":false},"excerpt":{"rendered":"<p>W odpowiedzi na zaproszenie, klasa 7a w dniu 28.11.2024 r., pod opiek\u0105 wychowawcy i pedagoga szkolnego wzi\u0119\u0142a udzia\u0142 w X Gliwickich Targach Zawod\u00f3w, kt\u00f3re tradycyjnie [&hellip;]<\/p>\n","protected":false},"author":3,"featured_media":15296,"comment_status":"closed","ping_status":"closed","sticky":false,"template":"","format":"standard","meta":{"ngg_post_thumbnail":0,"footnotes":""},"categories":[4],"tags":[],"class_list":["post-15295","post","type-post","status-publish","format-standard","has-post-thumbnail","hentry","category-aktualnosci"],"_links":{"self":[{"href":"https:\/\/www.sp11.gliwice.pl\/index.php?rest_route=\/wp\/v2\/posts\/15295","targetHints":{"allow":["GET"]}}],"collection":[{"href":"https:\/\/www.sp11.gliwice.pl\/index.php?rest_route=\/wp\/v2\/posts"}],"about":[{"href":"https:\/\/www.sp11.gliwice.pl\/index.php?rest_route=\/wp\/v2\/types\/post"}],"author":[{"embeddable":true,"href":"https:\/\/www.sp11.gliwice.pl\/index.php?rest_route=\/wp\/v2\/users\/3"}],"replies":[{"embeddable":true,"href":"https:\/\/www.sp11.gliwice.pl\/index.php?rest_route=%2Fwp%2Fv2%2Fcomments&post=15295"}],"version-history":[{"count":1,"href":"https:\/\/www.sp11.gliwice.pl\/index.php?rest_route=\/wp\/v2\/posts\/15295\/revisions"}],"predecessor-version":[{"id":15297,"href":"https:\/\/www.sp11.gliwice.pl\/index.php?rest_route=\/wp\/v2\/posts\/15295\/revisions\/15297"}],"wp:featuredmedia":[{"embeddable":true,"href":"https:\/\/www.sp11.gliwice.pl\/index.php?rest_route=\/wp\/v2\/media\/15296"}],"wp:attachment":[{"href":"https:\/\/www.sp11.gliwice.pl\/index.php?rest_route=%2Fwp%2Fv2%2Fmedia&parent=15295"}],"wp:term":[{"taxonomy":"category","embeddable":true,"href":"https:\/\/www.sp11.gliwice.pl\/index.php?rest_route=%2Fwp%2Fv2%2Fcategories&post=15295"},{"taxonomy":"post_tag","embeddable":true,"href":"https:\/\/www.sp11.gliwice.pl\/index.php?rest_route=%2Fwp%2Fv2%2Ftags&post=15295"}],"curies":[{"name":"wp","href":"https:\/\/api.w.org\/{rel}","templated":true}]}}