{"id":15266,"date":"2024-11-27T22:19:45","date_gmt":"2024-11-27T21:19:45","guid":{"rendered":"https:\/\/www.sp11.gliwice.pl\/?p=15266"},"modified":"2024-11-27T22:35:05","modified_gmt":"2024-11-27T21:35:05","slug":"mistrzostwa-gliwic-w-siatkowce-dziewczat-w-kategorii-igrzysk-mlodziezy-szkolnej","status":"publish","type":"post","link":"https:\/\/www.sp11.gliwice.pl\/?p=15266","title":{"rendered":"Mistrzostwa Gliwic w siatk\u00f3wce dziewcz\u0105t w kategorii Igrzysk M\u0142odzie\u017cy Szkolnej"},"content":{"rendered":"<div dir=\"auto\">\n<div dir=\"auto\">&nbsp;<span style=\"color: #000000;\">27.11.24r. nasza reprezentacja dziewcz\u0105t bra\u0142a udzia\u0142 w rozgrywkach&nbsp; z siatk\u00f3wki. Po zaci\u0119tej walce zawodniczki zaj\u0119\u0142y 2 miejsce w grupie eliminacyjnej i dosta\u0142y si\u0119 do p\u00f3\u0142fina\u0142u. Trzymamy kciuki w dalszych rozgrywkach. Nasz\u0105 szko\u0142\u0119 godnie reprezentowa\u0142y: Martyna Zorn( kapitan dru\u017cyny ), Zuza W\u0105sik,Cassandra Kwieci\u0144ska &#8211; Brylok, Maja Adamek, Selene Kwieci\u0144ska- Brylok, Maja W\u00f3jcik, Julia Szyma\u0144ska.<\/span><\/div>\n<div dir=\"auto\" style=\"text-align: right;\"><em>mgr Katarzyna Ogaza<\/em><\/div>\n<div dir=\"auto\">ngg_shortcode_0_placeholder<\/div>\n<\/div>\n","protected":false},"excerpt":{"rendered":"<p>&nbsp;27.11.24r. nasza reprezentacja dziewcz\u0105t bra\u0142a udzia\u0142 w rozgrywkach&nbsp; z siatk\u00f3wki. Po zaci\u0119tej walce zawodniczki zaj\u0119\u0142y 2 miejsce w grupie eliminacyjnej i dosta\u0142y si\u0119 do p\u00f3\u0142fina\u0142u. [&hellip;]<\/p>\n","protected":false},"author":3,"featured_media":15267,"comment_status":"closed","ping_status":"closed","sticky":false,"template":"","format":"standard","meta":{"ngg_post_thumbnail":0,"footnotes":""},"categories":[4],"tags":[],"class_list":["post-15266","post","type-post","status-publish","format-standard","has-post-thumbnail","hentry","category-aktualnosci"],"_links":{"self":[{"href":"https:\/\/www.sp11.gliwice.pl\/index.php?rest_route=\/wp\/v2\/posts\/15266","targetHints":{"allow":["GET"]}}],"collection":[{"href":"https:\/\/www.sp11.gliwice.pl\/index.php?rest_route=\/wp\/v2\/posts"}],"about":[{"href":"https:\/\/www.sp11.gliwice.pl\/index.php?rest_route=\/wp\/v2\/types\/post"}],"author":[{"embeddable":true,"href":"https:\/\/www.sp11.gliwice.pl\/index.php?rest_route=\/wp\/v2\/users\/3"}],"replies":[{"embeddable":true,"href":"https:\/\/www.sp11.gliwice.pl\/index.php?rest_route=%2Fwp%2Fv2%2Fcomments&post=15266"}],"version-history":[{"count":2,"href":"https:\/\/www.sp11.gliwice.pl\/index.php?rest_route=\/wp\/v2\/posts\/15266\/revisions"}],"predecessor-version":[{"id":15269,"href":"https:\/\/www.sp11.gliwice.pl\/index.php?rest_route=\/wp\/v2\/posts\/15266\/revisions\/15269"}],"wp:featuredmedia":[{"embeddable":true,"href":"https:\/\/www.sp11.gliwice.pl\/index.php?rest_route=\/wp\/v2\/media\/15267"}],"wp:attachment":[{"href":"https:\/\/www.sp11.gliwice.pl\/index.php?rest_route=%2Fwp%2Fv2%2Fmedia&parent=15266"}],"wp:term":[{"taxonomy":"category","embeddable":true,"href":"https:\/\/www.sp11.gliwice.pl\/index.php?rest_route=%2Fwp%2Fv2%2Fcategories&post=15266"},{"taxonomy":"post_tag","embeddable":true,"href":"https:\/\/www.sp11.gliwice.pl\/index.php?rest_route=%2Fwp%2Fv2%2Ftags&post=15266"}],"curies":[{"name":"wp","href":"https:\/\/api.w.org\/{rel}","templated":true}]}}