{"id":15244,"date":"2024-11-27T20:28:53","date_gmt":"2024-11-27T19:28:53","guid":{"rendered":"https:\/\/www.sp11.gliwice.pl\/?p=15244"},"modified":"2024-11-27T20:28:53","modified_gmt":"2024-11-27T19:28:53","slug":"zajecia-z-pup-gliwice","status":"publish","type":"post","link":"https:\/\/www.sp11.gliwice.pl\/?p=15244","title":{"rendered":"Zaj\u0119cia z PUP Gliwice"},"content":{"rendered":"<p><span style=\"color: #000000;\">W dniu 26.11.2024 r. po raz drugi nasz\u0105 szko\u0142\u0119 odwiedzili pracownicy Powiatowego Urz\u0119du Pracy w Gliwicach. Doradcy zawodowi w<\/span><br \/>\n<span style=\"color: #000000;\">ramach nawi\u0105zanej wsp\u00f3\u0142pracy i wzbogacenia oferty Szkolnego Programu Wychowawczo-Profilaktycznego, tak\u017ce Wewn\u0105trzszkolnego Systemu Doradztwa Zawodowego spotkali si\u0119 z uczniami wybranych klas. W klasie si\u00f3dmej zosta\u0142y przeprowadzone zaj\u0119cia dotycz\u0105ce &#8222;\u015awiata zawod\u00f3w przysz\u0142o\u015bci&#8221;, a w klasie \u00f3smej tematem przewodnim by\u0142o &#8222;Kreowanie w\u0142asnej przysz\u0142o\u015bci zawodowej&#8221;. Bardzo dzi\u0119kujemy pani Julii Sztyk i pani Monice Bohr za wsparcie naszych inicjatyw i zapraszamy ponownie do Jedenastki \ud83d\ude42<\/span><\/p>\n<p style=\"text-align: right;\"><em>pedagog szkolny mgr Joanna Magiera<\/em><\/p>\nngg_shortcode_0_placeholder\n","protected":false},"excerpt":{"rendered":"<p>W dniu 26.11.2024 r. po raz drugi nasz\u0105 szko\u0142\u0119 odwiedzili pracownicy Powiatowego Urz\u0119du Pracy w Gliwicach. Doradcy zawodowi w ramach nawi\u0105zanej wsp\u00f3\u0142pracy i wzbogacenia oferty [&hellip;]<\/p>\n","protected":false},"author":3,"featured_media":15245,"comment_status":"closed","ping_status":"closed","sticky":false,"template":"","format":"standard","meta":{"ngg_post_thumbnail":0,"footnotes":""},"categories":[4],"tags":[],"class_list":["post-15244","post","type-post","status-publish","format-standard","has-post-thumbnail","hentry","category-aktualnosci"],"_links":{"self":[{"href":"https:\/\/www.sp11.gliwice.pl\/index.php?rest_route=\/wp\/v2\/posts\/15244","targetHints":{"allow":["GET"]}}],"collection":[{"href":"https:\/\/www.sp11.gliwice.pl\/index.php?rest_route=\/wp\/v2\/posts"}],"about":[{"href":"https:\/\/www.sp11.gliwice.pl\/index.php?rest_route=\/wp\/v2\/types\/post"}],"author":[{"embeddable":true,"href":"https:\/\/www.sp11.gliwice.pl\/index.php?rest_route=\/wp\/v2\/users\/3"}],"replies":[{"embeddable":true,"href":"https:\/\/www.sp11.gliwice.pl\/index.php?rest_route=%2Fwp%2Fv2%2Fcomments&post=15244"}],"version-history":[{"count":1,"href":"https:\/\/www.sp11.gliwice.pl\/index.php?rest_route=\/wp\/v2\/posts\/15244\/revisions"}],"predecessor-version":[{"id":15246,"href":"https:\/\/www.sp11.gliwice.pl\/index.php?rest_route=\/wp\/v2\/posts\/15244\/revisions\/15246"}],"wp:featuredmedia":[{"embeddable":true,"href":"https:\/\/www.sp11.gliwice.pl\/index.php?rest_route=\/wp\/v2\/media\/15245"}],"wp:attachment":[{"href":"https:\/\/www.sp11.gliwice.pl\/index.php?rest_route=%2Fwp%2Fv2%2Fmedia&parent=15244"}],"wp:term":[{"taxonomy":"category","embeddable":true,"href":"https:\/\/www.sp11.gliwice.pl\/index.php?rest_route=%2Fwp%2Fv2%2Fcategories&post=15244"},{"taxonomy":"post_tag","embeddable":true,"href":"https:\/\/www.sp11.gliwice.pl\/index.php?rest_route=%2Fwp%2Fv2%2Ftags&post=15244"}],"curies":[{"name":"wp","href":"https:\/\/api.w.org\/{rel}","templated":true}]}}